{"id":10222,"date":"2025-11-25T11:30:50","date_gmt":"2025-11-25T10:30:50","guid":{"rendered":"https:\/\/www.api.parlonsfinance.fr\/?p=10222"},"modified":"2025-11-25T11:30:51","modified_gmt":"2025-11-25T10:30:51","slug":"giants-veut-devenir-le-plus-grand-club-dentrepreneurs-europeens","status":"publish","type":"post","link":"https:\/\/www.api.parlonsfinance.fr\/index.php\/2025\/11\/25\/giants-veut-devenir-le-plus-grand-club-dentrepreneurs-europeens\/","title":{"rendered":"Giants veut devenir le plus grand club d\u2019entrepreneurs europ\u00e9ens"},"content":{"rendered":"\n<h3 class=\"wp-block-heading\">C\u2019est une ambition in\u00e9dite \u00e0 l\u2019\u00e9chelle europ\u00e9enne : rassembler 1 million de membres, accompagner 10.000 entreprises, en financer 1.000 et faire \u00e9merger 100 \u00ab g\u00e9ants \u00bb d\u2019ici 2050. <\/h3>\n\n\n\n<p>Ce pari visionnaire, c\u2019est celui de <a href=\"https:\/\/giants.eu\/\" target=\"_blank\" rel=\"noopener\" title=\"\">Giants<\/a>, le club international d\u2019entrepreneurs lanc\u00e9 il y a tout juste quelques jours par Jean-Christophe Conticello, figure majeure de l\u2019innovation et de la transformation digitale en Europe.<\/p>\n\n\n\n<p>Giants se pr\u00e9sente comme le futur plus grand club d\u2019entrepreneurs en Europe. Mais derri\u00e8re cette ambition, pas de slogans faciles ou de promesses creuses. Le projet repose sur trois piliers forts : l\u2019\u00e9nergie positive, la r\u00e9silience face \u00e0 l\u2019\u00e9chec, et une ambition solide, connect\u00e9e au r\u00e9el.<\/p>\n\n\n\n<p>Concr\u00e8tement, Giants proposera des conf\u00e9rences mensuelles dans plusieurs villes europ\u00e9ennes, un accompagnement privil\u00e9gi\u00e9, des formations en ligne hebdomadaires et une communaut\u00e9 soud\u00e9e de profils engag\u00e9s. L\u2019\u00e9cosyst\u00e8me inclura \u00e9galement des ateliers, des cercles priv\u00e9s, des retraites, des podcasts, des d\u00eeners d\u2019affaires, des immersions, des afterworks et des lives exclusifs.<\/p>\n\n\n\n<p>Un lancement fulgurant\u2026 et une deuxi\u00e8me conf\u00e9rence pr\u00e9vue \ud83d\ude80<br>La premi\u00e8re conf\u00e9rence Giants, organis\u00e9e il y a quelques jours \u00e0 Bruxelles sur le th\u00e8me Succ\u00e8s, \u00e9chec, reconstruction, a rapidement affich\u00e9 complet (120 personnes). Face \u00e0 cet enthousiasme, une seconde date aura d\u00e9j\u00e0 lieu ce jeudi 20 novembre, toujours au Mix (Bruxelles).<\/p>\n\n\n\n<figure class=\"wp-block-image\"><img loading=\"lazy\" decoding=\"async\" width=\"1024\" height=\"683\" src=\"https:\/\/www.api.parlonsfinance.fr\/wp-content\/uploads\/2025\/11\/unnamed-1-1-1024x683.jpg\" alt=\"\" class=\"wp-image-10223\" srcset=\"https:\/\/www.api.parlonsfinance.fr\/wp-content\/uploads\/2025\/11\/unnamed-1-1-1024x683.jpg 1024w, https:\/\/www.api.parlonsfinance.fr\/wp-content\/uploads\/2025\/11\/unnamed-1-1-300x200.jpg 300w, https:\/\/www.api.parlonsfinance.fr\/wp-content\/uploads\/2025\/11\/unnamed-1-1-768x512.jpg 768w, https:\/\/www.api.parlonsfinance.fr\/wp-content\/uploads\/2025\/11\/unnamed-1-1-1536x1024.jpg 1536w, https:\/\/www.api.parlonsfinance.fr\/wp-content\/uploads\/2025\/11\/unnamed-1-1-2048x1365.jpg 2048w, https:\/\/www.api.parlonsfinance.fr\/wp-content\/uploads\/2025\/11\/unnamed-1-1-1200x800.jpg 1200w, https:\/\/www.api.parlonsfinance.fr\/wp-content\/uploads\/2025\/11\/unnamed-1-1-1980x1320.jpg 1980w\" sizes=\"auto, (max-width: 1024px) 100vw, 1024px\" \/><\/figure>\n\n\n\n<h4 class=\"wp-block-heading\">R\u00e9veiller l\u2019esprit d\u2019entreprise europ\u00e9en<\/h4>\n\n\n\n<p>Giants n\u2019est pas un simple cycle de conf\u00e9rences. C\u2019est une initiative n\u00e9e d\u2019une conviction forte : l\u2019Europe doit retrouver foi en son esprit d\u2019entreprise. Un esprit libre, cr\u00e9atif, responsable, fid\u00e8le \u00e0 ses valeurs humaines. Giants veut r\u00e9veiller cette \u00e9nergie qui sommeille dans nos capitales et dans chaque entrepreneur, pour b\u00e2tir des entreprises audacieuses, durables et profond\u00e9ment humaines.<\/p>\n\n\n\n<p>Avec Giants, Jean-Christophe Conticello veut f\u00e9d\u00e9rer des entrepreneurs solides, lucides, port\u00e9s par la force du collectif. Loin des mod\u00e8les d\u2019enrichissement express, il d\u00e9fend une croissance engag\u00e9e, structur\u00e9e et profond\u00e9ment humaine.<\/p>\n\n\n\n<h3 class=\"wp-block-heading\">Une vision internationale qui d\u00e9marre \u00e0 Bruxelles<\/h3>\n\n\n\n<p>Pourquoi lancer cette nouvelle aventure depuis la Belgique ? <\/p>\n\n\n\n<p>\u201cParce que c\u2019est ici que j\u2019ai d\u00e9cid\u00e9 de vivre il y a 18 ans, que mes enfants y sont n\u00e9s, et que j\u2019ai toujours construit entre Paris, Bruxelles et Amsterdam\u201d, confie Jean-Christophe Conticello. Un lancement bruxellois qui marque donc le point de d\u00e9part d\u2019un d\u00e9ploiement mensuel dans d\u2019autres capitales europ\u00e9ennes, avec une logique de croissance durable, orient\u00e9e impact.<\/p>\n","protected":false},"excerpt":{"rendered":"<p>C\u2019est une ambition in\u00e9dite \u00e0 l\u2019\u00e9chelle europ\u00e9enne : rassembler 1 million de membres, accompagner 10.000 entreprises, en financer 1.000 et faire \u00e9merger 100 \u00ab g\u00e9ants \u00bb d\u2019ici 2050. Ce pari visionnaire, c\u2019est celui de Giants, le club international d\u2019entrepreneurs lanc\u00e9 il y a tout juste quelques jours par Jean-Christophe Conticello, figure majeure de l\u2019innovation et [&hellip;]<\/p>\n","protected":false},"author":3,"featured_media":10224,"comment_status":"open","ping_status":"open","sticky":false,"template":"","format":"standard","meta":{"_acf_changed":false,"footnotes":""},"categories":[800,793,29],"tags":[72,61,7,160,47,5,549],"class_list":["post-10222","post","type-post","status-publish","format-standard","has-post-thumbnail","hentry","category-actualite","category-highlighted","category-entreprises","tag-banque","tag-bruxelles","tag-business","tag-entrepreneur","tag-entreprise","tag-finance","tag-investir"],"acf":[],"aioseo_notices":[],"_links":{"self":[{"href":"https:\/\/www.api.parlonsfinance.fr\/index.php\/wp-json\/wp\/v2\/posts\/10222","targetHints":{"allow":["GET"]}}],"collection":[{"href":"https:\/\/www.api.parlonsfinance.fr\/index.php\/wp-json\/wp\/v2\/posts"}],"about":[{"href":"https:\/\/www.api.parlonsfinance.fr\/index.php\/wp-json\/wp\/v2\/types\/post"}],"author":[{"embeddable":true,"href":"https:\/\/www.api.parlonsfinance.fr\/index.php\/wp-json\/wp\/v2\/users\/3"}],"replies":[{"embeddable":true,"href":"https:\/\/www.api.parlonsfinance.fr\/index.php\/wp-json\/wp\/v2\/comments?post=10222"}],"version-history":[{"count":1,"href":"https:\/\/www.api.parlonsfinance.fr\/index.php\/wp-json\/wp\/v2\/posts\/10222\/revisions"}],"predecessor-version":[{"id":10225,"href":"https:\/\/www.api.parlonsfinance.fr\/index.php\/wp-json\/wp\/v2\/posts\/10222\/revisions\/10225"}],"wp:featuredmedia":[{"embeddable":true,"href":"https:\/\/www.api.parlonsfinance.fr\/index.php\/wp-json\/wp\/v2\/media\/10224"}],"wp:attachment":[{"href":"https:\/\/www.api.parlonsfinance.fr\/index.php\/wp-json\/wp\/v2\/media?parent=10222"}],"wp:term":[{"taxonomy":"category","embeddable":true,"href":"https:\/\/www.api.parlonsfinance.fr\/index.php\/wp-json\/wp\/v2\/categories?post=10222"},{"taxonomy":"post_tag","embeddable":true,"href":"https:\/\/www.api.parlonsfinance.fr\/index.php\/wp-json\/wp\/v2\/tags?post=10222"}],"curies":[{"name":"wp","href":"https:\/\/api.w.org\/{rel}","templated":true}]}}