{"id":10368,"date":"2026-01-02T22:34:14","date_gmt":"2026-01-02T21:34:14","guid":{"rendered":"https:\/\/www.api.parlonsfinance.fr\/?p=10368"},"modified":"2026-01-02T22:34:15","modified_gmt":"2026-01-02T21:34:15","slug":"private-equity-et-infrastructures-valeur-refuge","status":"publish","type":"post","link":"https:\/\/www.api.parlonsfinance.fr\/index.php\/2026\/01\/02\/private-equity-et-infrastructures-valeur-refuge\/","title":{"rendered":"Private equity et infrastructures : valeur refuge ?"},"content":{"rendered":"\n<h3 class=\"wp-block-heading\">Les march\u00e9s financiers traversent une phase de recomposition profonde. Hausse durable des taux, ralentissement \u00e9conomique, fragmentation g\u00e9opolitique, transition \u00e9nerg\u00e9tique : les rep\u00e8res traditionnels de l\u2019investissement sont bouscul\u00e9s. <\/h3>\n\n\n\n<p>Dans ce contexte, le private equity et les infrastructures sont souvent pr\u00e9sent\u00e9s comme des refuges naturels face \u00e0 la volatilit\u00e9 des march\u00e9s cot\u00e9s. Mais derri\u00e8re cette image rassurante se cache une r\u00e9alit\u00e9 plus nuanc\u00e9e.<\/p>\n\n\n\n<p>Comme toujours, la diff\u00e9rence ne se fait pas tant sur les actifs eux-m\u00eames que sur la mani\u00e8re dont ils sont int\u00e9gr\u00e9s dans une strat\u00e9gie d\u2019ensemble.<\/p>\n\n\n\n<p>\ud83d\udc49 <strong>J\u2019ouvre mon compte Trade Republic<\/strong><\/p>\n\n\n<div class=\"wp-block-image\">\n<figure class=\"aligncenter is-resized\"><a href=\"https:\/\/trade.re\/parlonsfinance\"><img loading=\"lazy\" decoding=\"async\" width=\"1024\" height=\"576\" src=\"https:\/\/www.api.parlonsfinance.fr\/wp-content\/uploads\/2024\/09\/Trade-Republic-avis-1-1024x576.jpg\" alt=\"\" class=\"wp-image-3993\" style=\"width:405px;height:auto\" srcset=\"https:\/\/www.api.parlonsfinance.fr\/wp-content\/uploads\/2024\/09\/Trade-Republic-avis-1-1024x576.jpg 1024w, https:\/\/www.api.parlonsfinance.fr\/wp-content\/uploads\/2024\/09\/Trade-Republic-avis-1-300x169.jpg 300w, https:\/\/www.api.parlonsfinance.fr\/wp-content\/uploads\/2024\/09\/Trade-Republic-avis-1-768x432.jpg 768w, https:\/\/www.api.parlonsfinance.fr\/wp-content\/uploads\/2024\/09\/Trade-Republic-avis-1-1536x864.jpg 1536w, https:\/\/www.api.parlonsfinance.fr\/wp-content\/uploads\/2024\/09\/Trade-Republic-avis-1-2048x1152.jpg 2048w, https:\/\/www.api.parlonsfinance.fr\/wp-content\/uploads\/2024\/09\/Trade-Republic-avis-1-1920x1080.jpg 1920w, https:\/\/www.api.parlonsfinance.fr\/wp-content\/uploads\/2024\/09\/Trade-Republic-avis-1-1170x658.jpg 1170w, https:\/\/www.api.parlonsfinance.fr\/wp-content\/uploads\/2024\/09\/Trade-Republic-avis-1-585x329.jpg 585w\" sizes=\"auto, (max-width: 1024px) 100vw, 1024px\" \/><\/a><figcaption class=\"wp-element-caption\"><a href=\"https:\/\/trade.re\/parlonsfinance\" target=\"_blank\" rel=\"noreferrer noopener\"><strong>J\u2019ouvre mon compte Trade Republic<\/strong><\/a><\/figcaption><\/figure>\n<\/div>\n\n\n<h4 class=\"wp-block-heading\"><strong>L\u2019illusion du refuge absolu<\/strong><\/h4>\n\n\n\n<p>Pour beaucoup d\u2019investisseurs, le non-cot\u00e9 est per\u00e7u comme un havre de stabilit\u00e9. Moins de volatilit\u00e9 apparente, valorisations liss\u00e9es, horizons longs : tout semble indiquer une protection contre les secousses des march\u00e9s financiers. Pourtant, cette stabilit\u00e9 est en partie optique.<\/p>\n\n\n\n<p>L\u2019absence de cotation quotidienne ne signifie pas absence de risque. Elle signifie surtout absence de revalorisation instantan\u00e9e. Les cycles \u00e9conomiques, la hausse du co\u00fbt du capital ou les chocs sectoriels affectent tout autant les actifs priv\u00e9s. La diff\u00e9rence est que l\u2019ajustement est plus lent, parfois brutal, et souvent moins visible.<\/p>\n\n\n\n<p>Les investisseurs institutionnels le savent : le private equity et les infrastructures ne sont pas des refuges par nature, mais des expositions sp\u00e9cifiques \u00e0 des risques diff\u00e9rents.<\/p>\n\n\n\n<h4 class=\"wp-block-heading\"><strong>La discipline institutionnelle face au non-cot\u00e9<\/strong><\/h4>\n\n\n\n<p>Les investisseurs institutionnels n\u2019abordent jamais le private equity ou les infrastructures comme une simple diversification d\u00e9corative. Ces actifs sont int\u00e9gr\u00e9s dans une architecture de portefeuille extr\u00eamement encadr\u00e9e.<\/p>\n\n\n\n<p>Ils fixent des plafonds d\u2019exposition stricts, g\u00e8rent finement les calendriers d\u2019appels de fonds, mod\u00e9lisent les flux de tr\u00e9sorerie futurs et anticipent les besoins de liquidit\u00e9 sur plusieurs ann\u00e9es. Le non-cot\u00e9 n\u2019est acceptable que s\u2019il cohabite avec des poches de liquidit\u00e9 suffisantes et une visibilit\u00e9 claire sur les engagements futurs.<\/p>\n\n\n\n<p>Cette rigueur permet d\u2019\u00e9viter l\u2019erreur classique : \u00eatre \u201criche sur le papier\u201d mais contraint de vendre des actifs liquides au pire moment pour honorer des engagements illiquides.<\/p>\n\n\n\n<h4 class=\"wp-block-heading\"><strong>Infrastructures : stabilit\u00e9 conditionnelle<\/strong><\/h4>\n\n\n\n<p>Les infrastructures attirent pour leurs revenus r\u00e9currents et leur indexation partielle \u00e0 l\u2019inflation. Mais cette stabilit\u00e9 est conditionnelle. Elle d\u00e9pend du cadre r\u00e9glementaire, de la solidit\u00e9 des contreparties et de la capacit\u00e9 \u00e0 financer les investissements de long terme dans un environnement de taux plus contraignant.<\/p>\n\n\n\n<p>Les investisseurs institutionnels privil\u00e9gient aujourd\u2019hui des infrastructures s\u00e9lectives : actifs essentiels, visibilit\u00e9 contractuelle, faible d\u00e9pendance politique, et capacit\u00e9 \u00e0 absorber les chocs inflationnistes. L\u00e0 encore, ce n\u2019est pas la classe d\u2019actifs qui prot\u00e8ge, mais la qualit\u00e9 de la s\u00e9lection.<\/p>\n\n\n\n<h4 class=\"wp-block-heading\"><strong>Concevoir le portefeuille pour l\u2019illiquidit\u00e9<\/strong><\/h4>\n\n\n\n<p>La vraie question n\u2019est donc pas de savoir si le private equity et les infrastructures sont des refuges ou des risques. La question est : le portefeuille est-il con\u00e7u pour supporter leur illiquidit\u00e9 et leur opacit\u00e9 ?<\/p>\n\n\n\n<p>Les investisseurs institutionnels r\u00e9pondent par la structure, pas par l\u2019espoir. Ils acceptent l\u2019illiquidit\u00e9 en \u00e9change d\u2019un potentiel de rendement et de diversification, mais uniquement dans des proportions compatibles avec leurs contraintes globales.<\/p>\n\n\n\n<p>Pour un investisseur individuel, l\u2019enjeu est similaire : comprendre que le non-cot\u00e9 exige du temps, de la patience et une capacit\u00e9 \u00e0 absorber des p\u00e9riodes prolong\u00e9es sans liquidit\u00e9 ni visibilit\u00e9 parfaite.<\/p>\n\n\n\n<p><\/p>\n","protected":false},"excerpt":{"rendered":"<p>Les march\u00e9s financiers traversent une phase de recomposition profonde. Hausse durable des taux, ralentissement \u00e9conomique, fragmentation g\u00e9opolitique, transition \u00e9nerg\u00e9tique : les rep\u00e8res traditionnels de l\u2019investissement sont bouscul\u00e9s. Dans ce contexte, le private equity et les infrastructures sont souvent pr\u00e9sent\u00e9s comme des refuges naturels face \u00e0 la volatilit\u00e9 des march\u00e9s cot\u00e9s. Mais derri\u00e8re cette image rassurante [&hellip;]<\/p>\n","protected":false},"author":22,"featured_media":10317,"comment_status":"open","ping_status":"open","sticky":false,"template":"","format":"standard","meta":{"_acf_changed":false,"footnotes":""},"categories":[13,3,793],"tags":[72,7,5,23,109],"class_list":["post-10368","post","type-post","status-publish","format-standard","has-post-thumbnail","hentry","category-banque-finance","category-bourse","category-highlighted","tag-banque","tag-business","tag-finance","tag-investissement","tag-trading"],"acf":[],"aioseo_notices":[],"_links":{"self":[{"href":"https:\/\/www.api.parlonsfinance.fr\/index.php\/wp-json\/wp\/v2\/posts\/10368","targetHints":{"allow":["GET"]}}],"collection":[{"href":"https:\/\/www.api.parlonsfinance.fr\/index.php\/wp-json\/wp\/v2\/posts"}],"about":[{"href":"https:\/\/www.api.parlonsfinance.fr\/index.php\/wp-json\/wp\/v2\/types\/post"}],"author":[{"embeddable":true,"href":"https:\/\/www.api.parlonsfinance.fr\/index.php\/wp-json\/wp\/v2\/users\/22"}],"replies":[{"embeddable":true,"href":"https:\/\/www.api.parlonsfinance.fr\/index.php\/wp-json\/wp\/v2\/comments?post=10368"}],"version-history":[{"count":2,"href":"https:\/\/www.api.parlonsfinance.fr\/index.php\/wp-json\/wp\/v2\/posts\/10368\/revisions"}],"predecessor-version":[{"id":10370,"href":"https:\/\/www.api.parlonsfinance.fr\/index.php\/wp-json\/wp\/v2\/posts\/10368\/revisions\/10370"}],"wp:featuredmedia":[{"embeddable":true,"href":"https:\/\/www.api.parlonsfinance.fr\/index.php\/wp-json\/wp\/v2\/media\/10317"}],"wp:attachment":[{"href":"https:\/\/www.api.parlonsfinance.fr\/index.php\/wp-json\/wp\/v2\/media?parent=10368"}],"wp:term":[{"taxonomy":"category","embeddable":true,"href":"https:\/\/www.api.parlonsfinance.fr\/index.php\/wp-json\/wp\/v2\/categories?post=10368"},{"taxonomy":"post_tag","embeddable":true,"href":"https:\/\/www.api.parlonsfinance.fr\/index.php\/wp-json\/wp\/v2\/tags?post=10368"}],"curies":[{"name":"wp","href":"https:\/\/api.w.org\/{rel}","templated":true}]}}