{"id":10398,"date":"2026-01-07T12:44:30","date_gmt":"2026-01-07T11:44:30","guid":{"rendered":"https:\/\/www.api.parlonsfinance.fr\/?p=10398"},"modified":"2026-01-07T21:02:00","modified_gmt":"2026-01-07T20:02:00","slug":"abby-reinvente-la-gestion-administrative-des-independants","status":"publish","type":"post","link":"https:\/\/www.api.parlonsfinance.fr\/index.php\/2026\/01\/07\/abby-reinvente-la-gestion-administrative-des-independants\/","title":{"rendered":"Abby r\u00e9invente la gestion administrative des ind\u00e9pendants"},"content":{"rendered":"\n<h2 class=\"wp-block-heading\">Cr\u00e9er son activit\u00e9 est souvent pr\u00e9sent\u00e9 comme un symbole de libert\u00e9. Dans la r\u00e9alit\u00e9, l\u2019ind\u00e9pendance s\u2019accompagne tr\u00e8s vite de contraintes : facturation, d\u00e9clarations, conformit\u00e9, gestion du temps et charge mentale.<\/h2>\n\n\n\n<p>C\u2019est pr\u00e9cis\u00e9ment de ce constat qu\u2019est n\u00e9e <strong><a href=\"https:\/\/abby.fr\/\" title=\"\">Abby<\/a><\/strong>, une plateforme fran\u00e7aise tout-en-un d\u00e9di\u00e9e aux ind\u00e9pendants, cofond\u00e9e par Nicolas Lespinasse et trois associ\u00e9s ing\u00e9nieurs.<\/p>\n\n\n\n<figure class=\"wp-block-image size-large\"><img loading=\"lazy\" decoding=\"async\" width=\"1024\" height=\"682\" src=\"https:\/\/www.api.parlonsfinance.fr\/wp-content\/uploads\/2026\/01\/c75075a1-d2cf-4b5f-944f-f96517c426ae-1024x682.jpeg\" alt=\"\" class=\"wp-image-10399\" srcset=\"https:\/\/www.api.parlonsfinance.fr\/wp-content\/uploads\/2026\/01\/c75075a1-d2cf-4b5f-944f-f96517c426ae-1024x682.jpeg 1024w, https:\/\/www.api.parlonsfinance.fr\/wp-content\/uploads\/2026\/01\/c75075a1-d2cf-4b5f-944f-f96517c426ae-300x200.jpeg 300w, https:\/\/www.api.parlonsfinance.fr\/wp-content\/uploads\/2026\/01\/c75075a1-d2cf-4b5f-944f-f96517c426ae-768x512.jpeg 768w, https:\/\/www.api.parlonsfinance.fr\/wp-content\/uploads\/2026\/01\/c75075a1-d2cf-4b5f-944f-f96517c426ae-1536x1023.jpeg 1536w, https:\/\/www.api.parlonsfinance.fr\/wp-content\/uploads\/2026\/01\/c75075a1-d2cf-4b5f-944f-f96517c426ae-1200x800.jpeg 1200w, https:\/\/www.api.parlonsfinance.fr\/wp-content\/uploads\/2026\/01\/c75075a1-d2cf-4b5f-944f-f96517c426ae.jpeg 1600w\" sizes=\"auto, (max-width: 1024px) 100vw, 1024px\" \/><\/figure>\n\n\n\n<h3 class=\"wp-block-heading\"><strong>Une startup n\u00e9e d\u2019un probl\u00e8me v\u00e9cu<\/strong><\/h3>\n\n\n\n<p>L\u2019histoire commence pendant leurs \u00e9tudes d\u2019ing\u00e9nierie informatique. Les quatre cofondateurs travaillent d\u00e9j\u00e0 sur des projets concrets en parall\u00e8le, notamment en lien avec l\u2019expertise comptable.<\/p>\n\n\n\n<p>Tr\u00e8s vite, une id\u00e9e forte s\u2019impose : <em>le m\u00e9tier n\u2019est pas le probl\u00e8me, c\u2019est son inefficience.<\/em><\/p>\n\n\n\n<p>L\u00e0 o\u00f9 un expert-comptable g\u00e8re quelques dizaines de dossiers, la technologie permettrait d\u2019en g\u00e9rer des centaines, sans sacrifier la qualit\u00e9 ni la conformit\u00e9. Encore faut-il un outil pens\u00e9 d\u00e8s le d\u00e9part pour cela.<\/p>\n\n\n\n<h3 class=\"wp-block-heading\"><strong>Du salon d\u2019\u00e9tudiants \u00e0 une vraie plateforme<\/strong><\/h3>\n\n\n\n<p>En septembre 2020, alors qu\u2019ils sont encore en derni\u00e8re ann\u00e9e d\u2019\u00e9tudes, les fondateurs installent des bureaux de fortune dans leur colocation.<br>Le projet se structure rapidement : stagiaires, alternants, freelances\u2026 et surtout une premi\u00e8re vision produit claire.<\/p>\n\n\n\n<p>L&rsquo;objectif est de cr\u00e9er un produit interm\u00e9diaire entre l\u2019expert-comptable et l\u2019ind\u00e9pendant, capable de g\u00e9rer la pr\u00e9-comptabilit\u00e9 en ligne, simplement.<\/p>\n\n\n\n<p>L\u2019exp\u00e9rience personnelle d\u2019auto-entrepreneur fera le reste. Facturation, encaissement, devis, relances d\u2019impay\u00e9s, d\u00e9clarations URSSAF et TVA : les besoins sont \u00e9vidents, mais les outils existants trop fragment\u00e9s.<\/p>\n\n\n\n<h3 class=\"wp-block-heading\"><strong>Avril 2021 : lancement d\u2019Abby<\/strong><\/h3>\n\n\n\n<p>Abby est officiellement lanc\u00e9e en avril 2021, avec une promesse simple : centraliser toute la gestion administrative des ind\u00e9pendants sur une seule plateforme.<\/p>\n\n\n\n<p>D\u00e8s le d\u00e9part, Abby se positionne comme une solution europ\u00e9enne, conforme aux exigences r\u00e9glementaires et pens\u00e9e pour \u00e9voluer avec elles.<\/p>\n\n\n\n<h3 class=\"wp-block-heading\"><strong>La technologie au service de l\u2019efficience<\/strong><\/h3>\n\n\n\n<p>Contrairement \u00e0 beaucoup de solutions \u201c\u00e0 la mode\u201d, Abby n\u2019utilise pas la tech comme un argument marketing.<\/p>\n\n\n\n<p>Les fondateurs avaient d\u00e9j\u00e0 d\u00e9velopp\u00e9 :<\/p>\n\n\n\n<ul class=\"wp-block-list\">\n<li>des outils d\u2019OCR pour automatiser la lecture de documents,<\/li>\n\n\n\n<li>des syst\u00e8mes de rapprochement bancaire,<\/li>\n\n\n\n<li>des mod\u00e8les d\u2019analyse et de pr\u00e9diction de transactions comptables.<\/li>\n<\/ul>\n\n\n\n<p>L\u2019objectif est clair :<\/p>\n\n\n\n<ul class=\"wp-block-list\">\n<li>g\u00e9rer du volume,<\/li>\n\n\n\n<li>r\u00e9duire les erreurs,<\/li>\n\n\n\n<li>faire gagner du temps, aussi bien aux ind\u00e9pendants qu\u2019aux \u00e9quipes internes.<\/li>\n<\/ul>\n\n\n\n<figure class=\"wp-block-image size-large\"><img loading=\"lazy\" decoding=\"async\" width=\"1024\" height=\"683\" src=\"https:\/\/www.api.parlonsfinance.fr\/wp-content\/uploads\/2026\/01\/bad6eec1-0fff-49fb-bd0c-d77dcea8b86c-1024x683.jpeg\" alt=\"\" class=\"wp-image-10401\" srcset=\"https:\/\/www.api.parlonsfinance.fr\/wp-content\/uploads\/2026\/01\/bad6eec1-0fff-49fb-bd0c-d77dcea8b86c-1024x683.jpeg 1024w, https:\/\/www.api.parlonsfinance.fr\/wp-content\/uploads\/2026\/01\/bad6eec1-0fff-49fb-bd0c-d77dcea8b86c-300x200.jpeg 300w, https:\/\/www.api.parlonsfinance.fr\/wp-content\/uploads\/2026\/01\/bad6eec1-0fff-49fb-bd0c-d77dcea8b86c-768x512.jpeg 768w, https:\/\/www.api.parlonsfinance.fr\/wp-content\/uploads\/2026\/01\/bad6eec1-0fff-49fb-bd0c-d77dcea8b86c.jpeg 1080w\" sizes=\"auto, (max-width: 1024px) 100vw, 1024px\" \/><\/figure>\n\n\n\n<h3 class=\"wp-block-heading\"><strong>Un cadre r\u00e9glementaire anticip\u00e9<\/strong><\/h3>\n\n\n\n<p>Abby n\u2019est pas un cabinet comptable, mais un outil d\u2019analyse et de gestion.<br>Cela implique un march\u00e9 encore relativement peu r\u00e9gul\u00e9, mais tr\u00e8s surveill\u00e9.<\/p>\n\n\n\n<p>D\u00e8s le d\u00e9but, l\u2019\u00e9quipe s\u2019entoure :<\/p>\n\n\n\n<ul class=\"wp-block-list\">\n<li>d\u2019avocats fiscalistes,<\/li>\n\n\n\n<li>d\u2019experts r\u00e9glementaires,<\/li>\n\n\n\n<li>d\u2019une veille permanente.<\/li>\n<\/ul>\n\n\n\n<p>R\u00e9sultat : Abby est aujourd\u2019hui plateforme agr\u00e9\u00e9e et officiellement PDP dans le cadre de la r\u00e9forme de la facturation \u00e9lectronique, une \u00e9tape cl\u00e9 pour les ann\u00e9es \u00e0 venir.<\/p>\n\n\n\n<h3 class=\"wp-block-heading\"><strong>Abby aujourd\u2019hui<\/strong><\/h3>\n\n\n\n<p>En quelques ann\u00e9es, la startup a chang\u00e9 d\u2019\u00e9chelle :<\/p>\n\n\n\n<ul class=\"wp-block-list\">\n<li>plus de 100 000 utilisateurs<\/li>\n\n\n\n<li>plusieurs millions d\u2019euros de chiffre d\u2019affaires<\/li>\n\n\n\n<li>une organisation structur\u00e9e autour de 4 p\u00f4les : Tech, Marketing, Relation client et Op\u00e9rations<\/li>\n<\/ul>\n\n\n\n<p>Mais au-del\u00e0 des chiffres, Abby revendique un positionnement clair : redonner du temps aux ind\u00e9pendants et les aider \u00e0 construire une activit\u00e9 durable.<\/p>\n\n\n\n<h3 class=\"wp-block-heading\"><strong>\u00c0 retenir<\/strong><\/h3>\n\n\n\n<ul class=\"wp-block-list\">\n<li>Une startup n\u00e9e d\u2019un probl\u00e8me r\u00e9el<\/li>\n\n\n\n<li>Une tech utilis\u00e9e pour l\u2019efficience, pas pour le buzz<\/li>\n\n\n\n<li>Une forte anticipation r\u00e9glementaire<\/li>\n\n\n\n<li>Un produit pens\u00e9 pour scaler sans complexifier<\/li>\n<\/ul>\n\n\n\n<p>Un exemple int\u00e9ressant de fintech fran\u00e7aise qui mise autant sur le produit que sur la conformit\u00e9 et la vision long terme.<\/p>\n","protected":false},"excerpt":{"rendered":"<p>Cr\u00e9er son activit\u00e9 est souvent pr\u00e9sent\u00e9 comme un symbole de libert\u00e9. Dans la r\u00e9alit\u00e9, l\u2019ind\u00e9pendance s\u2019accompagne tr\u00e8s vite de contraintes : facturation, d\u00e9clarations, conformit\u00e9, gestion du temps et charge mentale. C\u2019est pr\u00e9cis\u00e9ment de ce constat qu\u2019est n\u00e9e Abby, une plateforme fran\u00e7aise tout-en-un d\u00e9di\u00e9e aux ind\u00e9pendants, cofond\u00e9e par Nicolas Lespinasse et trois associ\u00e9s ing\u00e9nieurs. Une startup [&hellip;]<\/p>\n","protected":false},"author":3,"featured_media":10400,"comment_status":"open","ping_status":"open","sticky":false,"template":"","format":"standard","meta":{"_acf_changed":false,"footnotes":""},"categories":[29],"tags":[7,804,47,40,5,32,23,8],"class_list":["post-10398","post","type-post","status-publish","format-standard","has-post-thumbnail","hentry","category-entreprises","tag-business","tag-compta","tag-entreprise","tag-euro","tag-finance","tag-france","tag-investissement","tag-startup"],"acf":[],"aioseo_notices":[],"_links":{"self":[{"href":"https:\/\/www.api.parlonsfinance.fr\/index.php\/wp-json\/wp\/v2\/posts\/10398","targetHints":{"allow":["GET"]}}],"collection":[{"href":"https:\/\/www.api.parlonsfinance.fr\/index.php\/wp-json\/wp\/v2\/posts"}],"about":[{"href":"https:\/\/www.api.parlonsfinance.fr\/index.php\/wp-json\/wp\/v2\/types\/post"}],"author":[{"embeddable":true,"href":"https:\/\/www.api.parlonsfinance.fr\/index.php\/wp-json\/wp\/v2\/users\/3"}],"replies":[{"embeddable":true,"href":"https:\/\/www.api.parlonsfinance.fr\/index.php\/wp-json\/wp\/v2\/comments?post=10398"}],"version-history":[{"count":2,"href":"https:\/\/www.api.parlonsfinance.fr\/index.php\/wp-json\/wp\/v2\/posts\/10398\/revisions"}],"predecessor-version":[{"id":10405,"href":"https:\/\/www.api.parlonsfinance.fr\/index.php\/wp-json\/wp\/v2\/posts\/10398\/revisions\/10405"}],"wp:featuredmedia":[{"embeddable":true,"href":"https:\/\/www.api.parlonsfinance.fr\/index.php\/wp-json\/wp\/v2\/media\/10400"}],"wp:attachment":[{"href":"https:\/\/www.api.parlonsfinance.fr\/index.php\/wp-json\/wp\/v2\/media?parent=10398"}],"wp:term":[{"taxonomy":"category","embeddable":true,"href":"https:\/\/www.api.parlonsfinance.fr\/index.php\/wp-json\/wp\/v2\/categories?post=10398"},{"taxonomy":"post_tag","embeddable":true,"href":"https:\/\/www.api.parlonsfinance.fr\/index.php\/wp-json\/wp\/v2\/tags?post=10398"}],"curies":[{"name":"wp","href":"https:\/\/api.w.org\/{rel}","templated":true}]}}