{"id":10451,"date":"2026-01-16T17:08:42","date_gmt":"2026-01-16T16:08:42","guid":{"rendered":"https:\/\/www.api.parlonsfinance.fr\/?p=10451"},"modified":"2026-01-16T22:27:10","modified_gmt":"2026-01-16T21:27:10","slug":"marches-emergents-croissance-ou-danger","status":"publish","type":"post","link":"https:\/\/www.api.parlonsfinance.fr\/index.php\/2026\/01\/16\/marches-emergents-croissance-ou-danger\/","title":{"rendered":"March\u00e9s \u00e9mergents : croissance ou danger ?"},"content":{"rendered":"\n<h2 class=\"wp-block-heading\">Les march\u00e9s \u00e9mergents occupent une place paradoxale dans l\u2019imaginaire des investisseurs. D\u2019un c\u00f4t\u00e9, ils incarnent la promesse de la croissance mondiale : d\u00e9mographie dynamique, urbanisation rapide, mont\u00e9e en gamme industrielle, essor des classes moyennes.<\/h2>\n\n\n\n<p>De l\u2019autre, ils cristallisent les peurs r\u00e9currentes : instabilit\u00e9 politique, d\u00e9pendance aux capitaux \u00e9trangers, volatilit\u00e9 des devises, fragilit\u00e9 institutionnelle.<\/p>\n\n\n\n<p>Dans un monde marqu\u00e9 par la remont\u00e9e durable des taux, la fragmentation g\u00e9opolitique et la red\u00e9finition des cha\u00eenes de valeur, les march\u00e9s \u00e9mergents ne peuvent plus \u00eatre abord\u00e9s comme un simple suppl\u00e9ment de rendement.<\/p>\n\n\n\n<p>Avant de continuer, un grand merci \u00e0 notre sponsor Trade Republic pour son soutien \ud83e\udd1d<br>\ud83d\udc49 <strong>J\u2019ouvre mon compte Trade Republic<\/strong><\/p>\n\n\n<div class=\"wp-block-image\">\n<figure class=\"aligncenter is-resized\"><a href=\"https:\/\/trade.re\/parlonsfinance\"><img loading=\"lazy\" decoding=\"async\" width=\"1024\" height=\"576\" src=\"https:\/\/www.api.parlonsfinance.fr\/wp-content\/uploads\/2024\/09\/Trade-Republic-avis-1-1024x576.jpg\" alt=\"\" class=\"wp-image-3993\" style=\"width:405px;height:auto\" srcset=\"https:\/\/www.api.parlonsfinance.fr\/wp-content\/uploads\/2024\/09\/Trade-Republic-avis-1-1024x576.jpg 1024w, https:\/\/www.api.parlonsfinance.fr\/wp-content\/uploads\/2024\/09\/Trade-Republic-avis-1-300x169.jpg 300w, https:\/\/www.api.parlonsfinance.fr\/wp-content\/uploads\/2024\/09\/Trade-Republic-avis-1-768x432.jpg 768w, https:\/\/www.api.parlonsfinance.fr\/wp-content\/uploads\/2024\/09\/Trade-Republic-avis-1-1536x864.jpg 1536w, https:\/\/www.api.parlonsfinance.fr\/wp-content\/uploads\/2024\/09\/Trade-Republic-avis-1-2048x1152.jpg 2048w, https:\/\/www.api.parlonsfinance.fr\/wp-content\/uploads\/2024\/09\/Trade-Republic-avis-1-1920x1080.jpg 1920w, https:\/\/www.api.parlonsfinance.fr\/wp-content\/uploads\/2024\/09\/Trade-Republic-avis-1-1170x658.jpg 1170w, https:\/\/www.api.parlonsfinance.fr\/wp-content\/uploads\/2024\/09\/Trade-Republic-avis-1-585x329.jpg 585w\" sizes=\"auto, (max-width: 1024px) 100vw, 1024px\" \/><\/a><figcaption class=\"wp-element-caption\"><a href=\"https:\/\/trade.re\/parlonsfinance\" target=\"_blank\" rel=\"noreferrer noopener\"><strong>J\u2019ouvre mon compte Trade Republic<\/strong><\/a><\/figcaption><\/figure>\n<\/div>\n\n\n<p>Comme souvent, la question n\u2019est pas de savoir s\u2019ils sont attractifs ou dangereux en soi, mais comment ils sont int\u00e9gr\u00e9s dans une strat\u00e9gie globale.<\/p>\n\n\n\n<h3 class=\"wp-block-heading\">L\u2019illusion de la croissance automatique<\/h3>\n\n\n\n<p>Pendant des d\u00e9cennies, l\u2019investissement dans les march\u00e9s \u00e9mergents a repos\u00e9 sur une \u00e9quation simple : croissance \u00e9conomique \u00e9lev\u00e9e = rendements financiers sup\u00e9rieurs. Cette logique a longtemps tenu, port\u00e9e par la mondialisation, l\u2019afflux de capitaux internationaux et un environnement mon\u00e9taire accommodant.<\/p>\n\n\n\n<p>Mais cette m\u00e9canique s\u2019est enray\u00e9e. La croissance du PIB ne se traduit plus m\u00e9caniquement par une cr\u00e9ation de valeur pour l\u2019investisseur. Gouvernance d\u00e9faillante, dilution actionnariale, contr\u00f4le \u00e9tatique, ou encore mauvaise allocation du capital peuvent neutraliser voire d\u00e9truire les b\u00e9n\u00e9fices de la croissance macro\u00e9conomique.<\/p>\n\n\n\n<p>Aujourd\u2019hui, la performance des march\u00e9s \u00e9mergents est beaucoup plus dispers\u00e9e. Parler des \u201c\u00e9mergents\u201d comme d\u2019un bloc homog\u00e8ne n\u2019a plus de sens : les trajectoires \u00e9conomiques, politiques et financi\u00e8res divergent fortement.<\/p>\n\n\n\n<h3 class=\"wp-block-heading\">Une vuln\u00e9rabilit\u00e9 accrue au cycle mondial<\/h3>\n\n\n\n<p>Les march\u00e9s \u00e9mergents restent structurellement sensibles aux conditions financi\u00e8res internationales. La hausse des taux dans les \u00e9conomies d\u00e9velopp\u00e9es rench\u00e9rit le co\u00fbt du capital, exerce une pression sur les devises locales et fragilise les pays d\u00e9pendants des financements externes.<\/p>\n\n\n\n<p>Ce n\u2019est pas une faiblesse conjoncturelle, mais une caract\u00e9ristique structurelle. Les phases de resserrement mon\u00e9taire mondial tendent \u00e0 r\u00e9v\u00e9ler les d\u00e9s\u00e9quilibres accumul\u00e9s : d\u00e9ficits courants, endettement en devises fortes, d\u00e9pendance aux exportations de mati\u00e8res premi\u00e8res.<\/p>\n\n\n\n<p>L\u2019instabilit\u00e9 n\u2019est donc pas un accident, mais un risque inh\u00e9rent \u00e0 cette classe d\u2019actifs. La question est de savoir si ce risque est r\u00e9mun\u00e9r\u00e9\u2026 et ma\u00eetris\u00e9.<\/p>\n\n\n\n<h3 class=\"wp-block-heading\">La lecture institutionnelle des march\u00e9s \u00e9mergents<\/h3>\n\n\n\n<p>Les investisseurs institutionnels n\u2019abordent pas les march\u00e9s \u00e9mergents comme un pari directionnel sur la croissance mondiale. Ils les traitent comme une exposition sp\u00e9cifique \u00e0 des risques identifiables : risque de change, risque politique, risque r\u00e9glementaire, risque de gouvernance.<\/p>\n\n\n\n<p>Ils segmentent fortement leurs allocations : distinction entre dettes en devise locale et en devise forte, s\u00e9lection pays par pays, parfois entreprise par entreprise, et int\u00e9gration syst\u00e9matique des corr\u00e9lations avec le reste du portefeuille.<\/p>\n\n\n\n<p>Surtout, ils acceptent l\u2019id\u00e9e que la volatilit\u00e9 fait partie int\u00e9grante du rendement attendu. L\u2019erreur serait de chercher \u00e0 \u201clisser\u201d artificiellement ces expositions sans en comprendre les moteurs profonds.<\/p>\n\n\n\n<h3 class=\"wp-block-heading\">S\u00e9lectivit\u00e9 plut\u00f4t que narration globale<\/h3>\n\n\n\n<p>L\u2019\u00e9poque des grandes narrations \u201cl\u2019Asie va dominer le monde\u201d, \u201cl\u2019Afrique est le futur\u201d c\u00e8de la place \u00e0 une approche beaucoup plus granulaire. Certains pays \u00e9mergents renforcent leurs institutions, d\u00e9veloppent des march\u00e9s financiers profonds et attirent des capitaux de long terme. D\u2019autres s\u2019enferment dans des mod\u00e8les \u00e9conomiques instables ou politiquement impr\u00e9visibles.<\/p>\n\n\n\n<p>La cr\u00e9ation de valeur ne vient plus de l\u2019exposition passive \u00e0 une zone g\u00e9ographique, mais de la capacit\u00e9 \u00e0 identifier :<\/p>\n\n\n\n<ul class=\"wp-block-list\">\n<li>des cadres r\u00e9glementaires cr\u00e9dibles,<\/li>\n\n\n\n<li>des entreprises capables de financer leur croissance sans d\u00e9pendance excessive aux march\u00e9s internationaux,<\/li>\n\n\n\n<li>des \u00e9conomies r\u00e9silientes aux chocs externes.<\/li>\n<\/ul>\n\n\n\n<p>Ici encore, ce n\u2019est pas la classe d\u2019actifs qui prot\u00e8ge, mais la qualit\u00e9 de la s\u00e9lection.<\/p>\n\n\n\n<h3 class=\"wp-block-heading\">Concevoir le portefeuille pour l\u2019instabilit\u00e9<\/h3>\n\n\n\n<p>La vraie question n\u2019est donc pas de trancher entre croissance et instabilit\u00e9. Les march\u00e9s \u00e9mergents sont les deux \u00e0 la fois. La question centrale est : le portefeuille est-il con\u00e7u pour absorber leur volatilit\u00e9 sans en subir les effets destructeurs ?<\/p>\n\n\n\n<p>Les investisseurs institutionnels r\u00e9pondent par la structure, la diversification et la discipline. Ils acceptent les cycles, les drawdowns et les p\u00e9riodes de sous-performance, tant que ces risques sont coh\u00e9rents avec leurs objectifs de long terme.<\/p>\n\n\n\n<p>Pour un investisseur individuel, l\u2019enjeu est identique : comprendre que les march\u00e9s \u00e9mergents ne sont ni une promesse automatique de rendement, ni un danger \u00e0 \u00e9viter par principe. Ils exigent du temps, une tol\u00e9rance \u00e9lev\u00e9e \u00e0 la volatilit\u00e9 et une int\u00e9gration r\u00e9fl\u00e9chie dans l\u2019ensemble du patrimoine.<\/p>\n","protected":false},"excerpt":{"rendered":"<p>Les march\u00e9s \u00e9mergents occupent une place paradoxale dans l\u2019imaginaire des investisseurs. D\u2019un c\u00f4t\u00e9, ils incarnent la promesse de la croissance mondiale : d\u00e9mographie dynamique, urbanisation rapide, mont\u00e9e en gamme industrielle, essor des classes moyennes. De l\u2019autre, ils cristallisent les peurs r\u00e9currentes : instabilit\u00e9 politique, d\u00e9pendance aux capitaux \u00e9trangers, volatilit\u00e9 des devises, fragilit\u00e9 institutionnelle. Dans un [&hellip;]<\/p>\n","protected":false},"author":22,"featured_media":10296,"comment_status":"open","ping_status":"open","sticky":false,"template":"","format":"standard","meta":{"_acf_changed":false,"footnotes":""},"categories":[13,3,793],"tags":[72,10,7,5,23],"class_list":["post-10451","post","type-post","status-publish","format-standard","has-post-thumbnail","hentry","category-banque-finance","category-bourse","category-highlighted","tag-banque","tag-bourse","tag-business","tag-finance","tag-investissement"],"acf":[],"aioseo_notices":[],"_links":{"self":[{"href":"https:\/\/www.api.parlonsfinance.fr\/index.php\/wp-json\/wp\/v2\/posts\/10451","targetHints":{"allow":["GET"]}}],"collection":[{"href":"https:\/\/www.api.parlonsfinance.fr\/index.php\/wp-json\/wp\/v2\/posts"}],"about":[{"href":"https:\/\/www.api.parlonsfinance.fr\/index.php\/wp-json\/wp\/v2\/types\/post"}],"author":[{"embeddable":true,"href":"https:\/\/www.api.parlonsfinance.fr\/index.php\/wp-json\/wp\/v2\/users\/22"}],"replies":[{"embeddable":true,"href":"https:\/\/www.api.parlonsfinance.fr\/index.php\/wp-json\/wp\/v2\/comments?post=10451"}],"version-history":[{"count":2,"href":"https:\/\/www.api.parlonsfinance.fr\/index.php\/wp-json\/wp\/v2\/posts\/10451\/revisions"}],"predecessor-version":[{"id":10454,"href":"https:\/\/www.api.parlonsfinance.fr\/index.php\/wp-json\/wp\/v2\/posts\/10451\/revisions\/10454"}],"wp:featuredmedia":[{"embeddable":true,"href":"https:\/\/www.api.parlonsfinance.fr\/index.php\/wp-json\/wp\/v2\/media\/10296"}],"wp:attachment":[{"href":"https:\/\/www.api.parlonsfinance.fr\/index.php\/wp-json\/wp\/v2\/media?parent=10451"}],"wp:term":[{"taxonomy":"category","embeddable":true,"href":"https:\/\/www.api.parlonsfinance.fr\/index.php\/wp-json\/wp\/v2\/categories?post=10451"},{"taxonomy":"post_tag","embeddable":true,"href":"https:\/\/www.api.parlonsfinance.fr\/index.php\/wp-json\/wp\/v2\/tags?post=10451"}],"curies":[{"name":"wp","href":"https:\/\/api.w.org\/{rel}","templated":true}]}}