{"id":10512,"date":"2026-01-28T17:32:03","date_gmt":"2026-01-28T16:32:03","guid":{"rendered":"https:\/\/www.api.parlonsfinance.fr\/?p=10512"},"modified":"2026-01-28T17:32:04","modified_gmt":"2026-01-28T16:32:04","slug":"licenciements-massifs-un-choc-pour-lemploi-mondial","status":"publish","type":"post","link":"https:\/\/www.api.parlonsfinance.fr\/index.php\/2026\/01\/28\/licenciements-massifs-un-choc-pour-lemploi-mondial\/","title":{"rendered":"Licenciements massifs : un choc pour l\u2019emploi mondial"},"content":{"rendered":"\n<h2 class=\"wp-block-heading\">Depuis plusieurs ann\u00e9es, et plus encore depuis 2024, les grandes entreprises internationales multiplient les plans de licenciements.<\/h2>\n\n\n\n<p>Technologie, logistique, industrie, finance : aucun secteur n\u2019est \u00e9pargn\u00e9. Derri\u00e8re les annonces de restructuration, d\u2019automatisation ou de recentrage strat\u00e9gique, ce sont des dizaines de milliers d\u2019emplois supprim\u00e9s \u00e0 l\u2019\u00e9chelle mondiale, r\u00e9v\u00e9lant une transformation profonde du capitalisme contemporain.<\/p>\n\n\n\n<h3 class=\"wp-block-heading\"><strong>Une vague globale de suppressions d\u2019emplois<\/strong><\/h3>\n\n\n\n<p>Amazon, Meta, Google, Microsoft, UPS, Nike, IBM, Ubisoft, Autodesk\u2026 La liste des entreprises concern\u00e9es s\u2019allonge mois apr\u00e8s mois.<br>Ces groupes, pourtant souvent rentables, annoncent des r\u00e9ductions d\u2019effectifs allant de quelques centaines \u00e0 plusieurs dizaines de milliers de postes, touchant aussi bien les fonctions administratives que les \u00e9quipes techniques ou cr\u00e9atives.<\/p>\n\n\n\n<p>Pour les directions, le discours est r\u00e9current : r\u00e9duction des co\u00fbts, efficacit\u00e9 op\u00e9rationnelle, adaptation \u00e0 un nouvel environnement \u00e9conomique. Pour les salari\u00e9s, la r\u00e9alit\u00e9 est plus brutale : pertes d\u2019emploi, incertitude et pr\u00e9carisation accrue du travail.<\/p>\n\n\n\n<figure class=\"wp-block-image size-full\"><img loading=\"lazy\" decoding=\"async\" width=\"958\" height=\"506\" src=\"https:\/\/www.api.parlonsfinance.fr\/wp-content\/uploads\/2026\/01\/image-1.png\" alt=\"\" class=\"wp-image-10513\" srcset=\"https:\/\/www.api.parlonsfinance.fr\/wp-content\/uploads\/2026\/01\/image-1.png 958w, https:\/\/www.api.parlonsfinance.fr\/wp-content\/uploads\/2026\/01\/image-1-300x158.png 300w, https:\/\/www.api.parlonsfinance.fr\/wp-content\/uploads\/2026\/01\/image-1-768x406.png 768w\" sizes=\"auto, (max-width: 958px) 100vw, 958px\" \/><\/figure>\n\n\n\n<p>Ce graphique met en \u00e9vidence une forte volatilit\u00e9 des licenciements dans le secteur technologique sur l\u2019ann\u00e9e, avec des pics tr\u00e8s marqu\u00e9s \u00e0 certains moments cl\u00e9s. Le mois de juillet se distingue nettement comme un point culminant, avec plus de 46 000 employ\u00e9s touch\u00e9s, illustrant des vagues de restructuration massives concentr\u00e9es sur des p\u00e9riodes pr\u00e9cises plut\u00f4t qu\u2019un ph\u00e9nom\u00e8ne lin\u00e9aire. <\/p>\n\n\n\n<p>D\u2019autres pics significatifs apparaissent en mai, octobre et novembre, confirmant que les suppressions d\u2019emplois s\u2019inscrivent dans une dynamique r\u00e9currente. <\/p>\n\n\n\n<p>\u00c0 l\u2019inverse, les d\u00e9buts et fins d\u2019ann\u00e9e affichent des niveaux plus faibles, sugg\u00e9rant une strat\u00e9gie de communication et de gestion des effectifs souvent align\u00e9e sur les cycles financiers et budg\u00e9taires des entreprises. Dans l\u2019ensemble, ces donn\u00e9es confirment que les licenciements dans la tech rel\u00e8vent d\u2019un ph\u00e9nom\u00e8ne structurel et planifi\u00e9, davantage que d\u2019ajustements ponctuels li\u00e9s \u00e0 une conjoncture imm\u00e9diate.<\/p>\n\n\n\n<h3 class=\"wp-block-heading\"><strong>Des entreprises profitables, mais des effectifs en baisse<\/strong><\/h3>\n\n\n\n<p>Fait marquant de cette s\u00e9quence \u00e9conomique : nombre de ces licenciements interviennent dans des groupes affichant des b\u00e9n\u00e9fices solides, voire en hausse.<br>Amazon, par exemple, continue d\u2019enregistrer des revenus record dans le cloud et la publicit\u00e9, tout en r\u00e9duisant ses \u00e9quipes corporate. Meta, apr\u00e8s avoir parl\u00e9 d\u2019\u00ab ann\u00e9e de l\u2019efficacit\u00e9 \u00bb, a poursuivi ses coupes malgr\u00e9 le rebond de son cours de Bourse.<\/p>\n\n\n\n<p>Cette contradiction apparente alimente les critiques : les suppressions d\u2019emplois seraient moins dict\u00e9es par la survie \u00e9conomique que par la pression des actionnaires et des march\u00e9s financiers, toujours en qu\u00eate de marges plus \u00e9lev\u00e9es.<\/p>\n\n\n\n<h3 class=\"wp-block-heading\"><strong>L\u2019intelligence artificielle comme acc\u00e9l\u00e9rateur<\/strong><\/h3>\n\n\n\n<p>Un facteur revient syst\u00e9matiquement dans les communications officielles : l\u2019intelligence artificielle. Automatisation des t\u00e2ches, outils de g\u00e9n\u00e9ration de contenu, service client automatis\u00e9, analyse de donn\u00e9es \u00e0 grande \u00e9chelle\u2026 De nombreux postes sont d\u00e9sormais consid\u00e9r\u00e9s comme redondants.<\/p>\n\n\n\n<p>Selon plusieurs \u00e9tudes \u00e9conomiques, l\u2019IA ne se contente plus d\u2019optimiser le travail : elle modifie la structure m\u00eame de l\u2019emploi, supprimant des fonctions enti\u00e8res tout en cr\u00e9ant un nombre plus limit\u00e9 de postes hautement qualifi\u00e9s. Le d\u00e9s\u00e9quilibre est net.<\/p>\n\n\n\n<h3 class=\"wp-block-heading\"><strong>Un impact social et territorial majeur<\/strong><\/h3>\n\n\n\n<p>Derri\u00e8re les chiffres globaux se cachent des r\u00e9alit\u00e9s locales lourdes de cons\u00e9quences. Dans certaines r\u00e9gions, la fermeture d\u2019un site ou la r\u00e9duction d\u2019effectifs d\u2019un grand employeur entra\u00eene une hausse du ch\u00f4mage, une baisse de la consommation et un affaiblissement du tissu \u00e9conomique local.<\/p>\n\n\n\n<p>Les syndicats d\u00e9noncent une d\u00e9connexion croissante entre les d\u00e9cisions prises par les si\u00e8ges internationaux et leurs effets concrets sur les territoires. Les \u00c9tats, eux, disposent de marges de man\u0153uvre limit\u00e9es face \u00e0 des groupes capables de d\u00e9placer activit\u00e9s et capitaux \u00e0 l\u2019\u00e9chelle mondiale.<\/p>\n\n\n\n<h3 class=\"wp-block-heading\"><strong>Un nouveau rapport de force dans le monde du travail<\/strong><\/h3>\n\n\n\n<p>Ces licenciements massifs traduisent un changement plus profond : le rapport de force entre grandes entreprises et salari\u00e9s s\u2019est transform\u00e9.<br>La flexibilit\u00e9, la sous-traitance, le travail ind\u00e9pendant et l\u2019automatisation deviennent la norme, tandis que l\u2019emploi stable recule, m\u00eame dans les entreprises les plus puissantes.<\/p>\n\n\n\n<p>Pour certains \u00e9conomistes, cette dynamique annonce une polarisation accrue du march\u00e9 du travail : d\u2019un c\u00f4t\u00e9, une \u00e9lite tr\u00e8s qualifi\u00e9e et bien r\u00e9mun\u00e9r\u00e9e ; de l\u2019autre, une majorit\u00e9 de travailleurs expos\u00e9s \u00e0 l\u2019instabilit\u00e9 et \u00e0 la reconversion permanente.<\/p>\n\n\n\n<h3 class=\"wp-block-heading\"><strong>Conclusion<\/strong><\/h3>\n\n\n\n<p>Les licenciements massifs des grandes entreprises internationales ne sont pas de simples ajustements conjoncturels. Ils constituent un ph\u00e9nom\u00e8ne structurel, r\u00e9v\u00e9lateur d\u2019un mod\u00e8le \u00e9conomique en mutation, o\u00f9 la performance financi\u00e8re, l\u2019automatisation et la pression actionnariale priment de plus en plus sur la stabilit\u00e9 de l\u2019emploi.<\/p>\n\n\n\n<p>La question n\u2019est d\u00e9sormais plus seulement \u00e9conomique, mais politique et sociale : comment encadrer le pouvoir de ces groupes mondiaux pour que la transformation technologique ne se fasse pas au d\u00e9triment du contrat social ?<\/p>\n\n\n\n<p><strong>Sources : <\/strong><\/p>\n\n\n\n<p><a href=\"https:\/\/www.reuters.com\/legal\/litigation\/amazon-cuts-16000-jobs-globally-broader-restructuring-2026-01-28\/?utm_source=chatgpt.com\" title=\"\"><strong>Amazon licencie des milliers de postes<\/strong> : seconde grande vague mondiale de suppressions d\u2019emplois pour rationaliser les op\u00e9rations et int\u00e9grer l\u2019IA :<\/a><\/p>\n\n\n\n<p><a href=\"https:\/\/www.reuters.com\/business\/world-at-work\/corporate-america-continues-job-cuts-2026-efficiency-push-2026-01-28\/?utm_source=chatgpt.com\" title=\"\">Corporate America poursuit les coupes dans les effectifs sous pression d\u2019efficacit\u00e9 et d\u2019IA <\/a><\/p>\n\n\n\n<p><a href=\"https:\/\/m.economictimes.com\/news\/international\/global-trends\/us-news-over-100000-job-cuts-rattle-tech-industry-in-2025-amazon-meta-google-intel-lay-off-thousands-of-employees-check-full-list-of-companies\/articleshow\/125029264.cms?utm_source=chatgpt.com\">Analyse des licenciements majeurs chez Amazon, Meta, Google\u202fetc. en 2025\u00a0: plus de 100\u202f000 suppressions de postes\u00a0\u00a0 (Economic Times)<\/a><\/p>\n\n\n\n<p><strong><a href=\"https:\/\/next.ink\/123404\/amazon-discord-google-meta-2024-commence-sur-une-nouvelle-vague-de-licenciements\/?utm_source=chatgpt.com\" title=\"\">Amazon, Discord, Google, Meta\u00a0: 2024 commence sur une nouvelle vague de licenciements<\/a><\/strong><\/p>\n","protected":false},"excerpt":{"rendered":"<p>Depuis plusieurs ann\u00e9es, et plus encore depuis 2024, les grandes entreprises internationales multiplient les plans de licenciements. Technologie, logistique, industrie, finance : aucun secteur n\u2019est \u00e9pargn\u00e9. Derri\u00e8re les annonces de restructuration, d\u2019automatisation ou de recentrage strat\u00e9gique, ce sont des dizaines de milliers d\u2019emplois supprim\u00e9s \u00e0 l\u2019\u00e9chelle mondiale, r\u00e9v\u00e9lant une transformation profonde du capitalisme contemporain. Une [&hellip;]<\/p>\n","protected":false},"author":22,"featured_media":10515,"comment_status":"open","ping_status":"open","sticky":false,"template":"","format":"standard","meta":{"_acf_changed":false,"footnotes":""},"categories":[800,14,29],"tags":[7,6,124,393,5],"class_list":["post-10512","post","type-post","status-publish","format-standard","has-post-thumbnail","hentry","category-actualite","category-economie","category-entreprises","tag-business","tag-economie","tag-emploi","tag-entreprises","tag-finance"],"acf":[],"aioseo_notices":[],"_links":{"self":[{"href":"https:\/\/www.api.parlonsfinance.fr\/index.php\/wp-json\/wp\/v2\/posts\/10512","targetHints":{"allow":["GET"]}}],"collection":[{"href":"https:\/\/www.api.parlonsfinance.fr\/index.php\/wp-json\/wp\/v2\/posts"}],"about":[{"href":"https:\/\/www.api.parlonsfinance.fr\/index.php\/wp-json\/wp\/v2\/types\/post"}],"author":[{"embeddable":true,"href":"https:\/\/www.api.parlonsfinance.fr\/index.php\/wp-json\/wp\/v2\/users\/22"}],"replies":[{"embeddable":true,"href":"https:\/\/www.api.parlonsfinance.fr\/index.php\/wp-json\/wp\/v2\/comments?post=10512"}],"version-history":[{"count":2,"href":"https:\/\/www.api.parlonsfinance.fr\/index.php\/wp-json\/wp\/v2\/posts\/10512\/revisions"}],"predecessor-version":[{"id":10516,"href":"https:\/\/www.api.parlonsfinance.fr\/index.php\/wp-json\/wp\/v2\/posts\/10512\/revisions\/10516"}],"wp:featuredmedia":[{"embeddable":true,"href":"https:\/\/www.api.parlonsfinance.fr\/index.php\/wp-json\/wp\/v2\/media\/10515"}],"wp:attachment":[{"href":"https:\/\/www.api.parlonsfinance.fr\/index.php\/wp-json\/wp\/v2\/media?parent=10512"}],"wp:term":[{"taxonomy":"category","embeddable":true,"href":"https:\/\/www.api.parlonsfinance.fr\/index.php\/wp-json\/wp\/v2\/categories?post=10512"},{"taxonomy":"post_tag","embeddable":true,"href":"https:\/\/www.api.parlonsfinance.fr\/index.php\/wp-json\/wp\/v2\/tags?post=10512"}],"curies":[{"name":"wp","href":"https:\/\/api.w.org\/{rel}","templated":true}]}}