{"id":10693,"date":"2026-03-10T02:04:05","date_gmt":"2026-03-10T01:04:05","guid":{"rendered":"https:\/\/www.api.parlonsfinance.fr\/?p=10693"},"modified":"2026-03-10T15:55:01","modified_gmt":"2026-03-10T14:55:01","slug":"pres-de-70-000-entreprises-ont-fait-faillite-en-france-en-2025-un-record-historique","status":"publish","type":"post","link":"https:\/\/www.api.parlonsfinance.fr\/index.php\/2026\/03\/10\/pres-de-70-000-entreprises-ont-fait-faillite-en-france-en-2025-un-record-historique\/","title":{"rendered":"Pr\u00e8s de 70 000 entreprises ont fait faillite en France en 2025. Un record historique !"},"content":{"rendered":"\n<h2 class=\"wp-block-heading\">Apr\u00e8s plusieurs ann\u00e9es d\u2019aides massives pour soutenir l\u2019\u00e9conomie pendant la pand\u00e9mie, la France entre dans une nouvelle phase. Le temps du \u00ab quoi qu\u2019il en co\u00fbte \u00bb est termin\u00e9.<\/h2>\n\n\n\n<p>Entre pr\u00eats garantis par l\u2019\u00c9tat, reports de charges et dispositifs de soutien, l\u2019\u00c9tat fran\u00e7ais a mobilis\u00e9 pr\u00e8s de 240 milliards d\u2019euros pour \u00e9viter un effondrement de l\u2019activit\u00e9. \u00c0 cela s\u2019ajoute une hausse d\u2019environ 1 000 milliards d\u2019euros de la dette publique depuis la crise sanitaire.<\/p>\n\n\n\n<p>Ces mesures ont permis d\u2019\u00e9viter une vague imm\u00e9diate de faillites et de pr\u00e9server une grande partie du tissu \u00e9conomique. Mais trois ans apr\u00e8s la fin du Covid, les effets secondaires apparaissent.&nbsp;<\/p>\n\n\n\n<p>Nombre de d\u00e9faillances (cumul sur les douze derniers mois), d\u00e9cembre 1991 \u00e0 ao\u00fbt 2025<\/p>\n\n\n\n<figure class=\"wp-block-image size-full\"><img loading=\"lazy\" decoding=\"async\" width=\"890\" height=\"588\" src=\"https:\/\/www.api.parlonsfinance.fr\/wp-content\/uploads\/2026\/03\/Capture-decran-2026-03-10-021329.jpg\" alt=\"\" class=\"wp-image-10698\" srcset=\"https:\/\/www.api.parlonsfinance.fr\/wp-content\/uploads\/2026\/03\/Capture-decran-2026-03-10-021329.jpg 890w, https:\/\/www.api.parlonsfinance.fr\/wp-content\/uploads\/2026\/03\/Capture-decran-2026-03-10-021329-300x198.jpg 300w, https:\/\/www.api.parlonsfinance.fr\/wp-content\/uploads\/2026\/03\/Capture-decran-2026-03-10-021329-768x507.jpg 768w\" sizes=\"auto, (max-width: 890px) 100vw, 890px\" \/><\/figure>\n\n\n\n<p>L\u2019\u00e9volution des d\u00e9faillances d\u2019entreprises en Europe montre clairement ce ph\u00e9nom\u00e8ne. Apr\u00e8s une chute pendant la pand\u00e9mie, li\u00e9e aux aides publiques massives, les faillites repartent fortement \u00e0 la hausse \u00e0 partir de 2022 pour atteindre un niveau sup\u00e9rieur \u00e0 celui d\u2019avant crise.<\/p>\n\n\n\n<h3 class=\"wp-block-heading\"><strong>La fin du \u00ab quoi qu\u2019il en co\u00fbte \u00bb<\/strong><\/h3>\n\n\n\n<p>Pendant la pand\u00e9mie, de nombreuses entreprises ont surv\u00e9cu gr\u00e2ce aux aides publiques. Les pr\u00eats garantis par l\u2019\u00c9tat, les reports de charges ou encore l\u2019activit\u00e9 partielle ont permis de maintenir en vie une grande partie de l\u2019\u00e9conomie.<\/p>\n\n\n\n<p>Mais ces dispositifs \u00e9taient temporaires. Depuis 2023, les \u00e9ch\u00e9ances de remboursement se multiplient et les moratoires prennent fin. Une grande partie des pr\u00eats garantis par l\u2019\u00c9tat a d\u00e9j\u00e0 \u00e9t\u00e9 rembours\u00e9e, obligeant les entreprises \u00e0 fonctionner sans soutien exceptionnel.<\/p>\n\n\n\n<p>Pour certaines structures d\u00e9j\u00e0 fragiles avant la crise, cette transition agit comme un r\u00e9v\u00e9lateur des difficult\u00e9s accumul\u00e9es.<\/p>\n\n\n\n<h3 class=\"wp-block-heading\"><strong>Une vague de faillites historique<\/strong><\/h3>\n\n\n\n<p>Avec pr\u00e8s de <a href=\"https:\/\/www.ey.com\/fr_fr\/newsroom\/2026\/02\/bilan-defaillances-dentreprises-en-france-en-2025\" target=\"_blank\" rel=\"noopener\" title=\"\">70 000 cessations de paiement en 2025<\/a>, la France d\u00e9passe les niveaux observ\u00e9s lors de plusieurs crises \u00e9conomiques r\u00e9centes.<\/p>\n\n\n\n<p>La vague touche diff\u00e9rents types d\u2019entreprises. Les PME install\u00e9es depuis plus de quinze ans sont particuli\u00e8rement expos\u00e9es dans des secteurs comme l\u2019industrie, la construction ou la restauration. Les tr\u00e8s petites entreprises et certaines activit\u00e9s de services sont \u00e9galement fragilis\u00e9es.<\/p>\n\n\n\n<p>Dans plusieurs secteurs, la hausse des d\u00e9faillances a \u00e9t\u00e9 particuli\u00e8rement marqu\u00e9e.<\/p>\n\n\n\n<h3 class=\"wp-block-heading\"><strong>Des tensions de tr\u00e9sorerie croissantes<\/strong><\/h3>\n\n\n\n<p>Au-del\u00e0 des faillites, de nombreuses entreprises rencontrent aujourd\u2019hui des difficult\u00e9s financi\u00e8res. Une part importante des dirigeants de PME et de TPE d\u00e9clare faire face \u00e0 des probl\u00e8mes de tr\u00e9sorerie.<\/p>\n\n\n\n<p>La hausse des co\u00fbts de l\u2019\u00e9nergie, des transports ou de certaines mati\u00e8res premi\u00e8res a pes\u00e9 sur les marges. Dans le m\u00eame temps, la consommation ralentit et l\u2019acc\u00e8s au cr\u00e9dit devient plus co\u00fbteux.<\/p>\n\n\n\n<p>Lorsque la tr\u00e9sorerie se d\u00e9grade, les entreprises retardent souvent le paiement de leurs fournisseurs. Ce ph\u00e9nom\u00e8ne peut cr\u00e9er un effet domino et fragiliser l\u2019ensemble de la cha\u00eene \u00e9conomique.<\/p>\n\n\n\n<h3 class=\"wp-block-heading\"><strong>Une \u00e9conomie plus prudente<\/strong><\/h3>\n\n\n\n<p>La situation actuelle se caract\u00e9rise par un paradoxe. L\u2019inflation ralentit mais la croissance reste faible.<\/p>\n\n\n\n<p>Les m\u00e9nages privil\u00e9gient l\u2019\u00e9pargne de pr\u00e9caution face aux incertitudes \u00e9conomiques et politiques. De leur c\u00f4t\u00e9, les entreprises h\u00e9sitent \u00e0 investir dans un contexte de cr\u00e9dit plus cher et de visibilit\u00e9 limit\u00e9e.<\/p>\n\n\n\n<p>L\u2019argent reste pr\u00e9sent dans l\u2019\u00e9conomie mais circule moins rapidement.<\/p>\n\n\n\n<h3 class=\"wp-block-heading\"><strong>La disparition des entreprises zombies<\/strong><\/h3>\n\n\n\n<p>Une partie des faillites peut aussi s\u2019expliquer par la disparition progressive des entreprises zombies.<\/p>\n\n\n\n<p>Ce terme d\u00e9signe des entreprises qui survivent gr\u00e2ce \u00e0 des conditions financi\u00e8res favorables ou \u00e0 des aides publiques malgr\u00e9 une rentabilit\u00e9 insuffisante. Pendant la crise sanitaire, ces structures ont pu prolonger leur activit\u00e9 gr\u00e2ce aux dispositifs de soutien.<\/p>\n\n\n\n<p>Avec la fin de ces aides et la hausse des taux d\u2019int\u00e9r\u00eat, certaines ne parviennent plus \u00e0 maintenir leur \u00e9quilibre financier.<\/p>\n\n\n\n<h3 class=\"wp-block-heading\"><strong>La destruction cr\u00e9atrice<\/strong><\/h3>\n\n\n\n<p>Ce ph\u00e9nom\u00e8ne s\u2019inscrit dans une dynamique d\u00e9crite par l\u2019\u00e9conomiste Joseph Schumpeter : la destruction cr\u00e9atrice.<\/p>\n\n\n\n<p>Les crises provoquent la disparition des entreprises les moins productives, lib\u00e9rant des ressources pour de nouvelles activit\u00e9s plus innovantes. Ce processus peut \u00eatre douloureux \u00e0 court terme, mais il contribue aussi au renouvellement du tissu \u00e9conomique.<\/p>\n\n\n\n<h3 class=\"wp-block-heading\"><strong>Une \u00e9conomie plus r\u00e9siliente qu\u2019il n\u2019y para\u00eet<\/strong><\/h3>\n\n\n\n<p>Malgr\u00e9 ces chiffres \u00e9lev\u00e9s, les faillites doivent \u00eatre replac\u00e9es dans une perspective plus large. Chaque ann\u00e9e, plus d\u2019un million de nouvelles entreprises sont cr\u00e9\u00e9es en France.<\/p>\n\n\n\n<p>Une grande partie des disparitions correspond \u00e0 des fermetures naturelles d\u2019activit\u00e9. Au total, les d\u00e9faillances repr\u00e9sentent une part relativement limit\u00e9e des entreprises actives.<\/p>\n\n\n\n<p>La p\u00e9riode actuelle appara\u00eet donc davantage comme une phase d\u2019ajustement apr\u00e8s plusieurs ann\u00e9es de soutien exceptionnel que comme un effondrement de l\u2019\u00e9conomie fran\u00e7aise.<\/p>\n\n\n\n<ul class=\"wp-block-list\">\n<li style=\"font-size:17px\"><em>Source : <\/em><a href=\"https:\/\/www.banque-france.fr\/fr\/statistiques\/entreprises\/defaillances-dentreprises-2025-11?utm_source\"><em>Banque de France, Direction des entreprises, base Fiben.<\/em><\/a><\/li>\n\n\n\n<li style=\"font-size:17px\"><em>Source : <\/em><a href=\"https:\/\/www.altares.com\/fr\/statistiques-defaillance-entreprises-france\/?utm_source\"><em>\u00c9tude Altares : bilan des faillites d\u2019entreprises<\/em><\/a><\/li>\n\n\n\n<li style=\"font-size:17px\"><em>Source : <\/em><a href=\"https:\/\/www.lejournaldesentreprises.com\/\"><em>Le Journal des Entreprises : bilan \u00e9conomique 2025<\/em><\/a><\/li>\n<\/ul>\n","protected":false},"excerpt":{"rendered":"<p>Apr\u00e8s plusieurs ann\u00e9es d\u2019aides massives pour soutenir l\u2019\u00e9conomie pendant la pand\u00e9mie, la France entre dans une nouvelle phase. Le temps du \u00ab quoi qu\u2019il en co\u00fbte \u00bb est termin\u00e9. Entre pr\u00eats garantis par l\u2019\u00c9tat, reports de charges et dispositifs de soutien, l\u2019\u00c9tat fran\u00e7ais a mobilis\u00e9 pr\u00e8s de 240 milliards d\u2019euros pour \u00e9viter un effondrement de [&hellip;]<\/p>\n","protected":false},"author":88,"featured_media":10700,"comment_status":"open","ping_status":"open","sticky":false,"template":"","format":"standard","meta":{"_acf_changed":false,"footnotes":""},"categories":[800,14,29],"tags":[7,116,6,160,47,115,5,28,420],"class_list":["post-10693","post","type-post","status-publish","format-standard","has-post-thumbnail","hentry","category-actualite","category-economie","category-entreprises","tag-business","tag-crise","tag-economie","tag-entrepreneur","tag-entreprise","tag-faillite","tag-finance","tag-politique","tag-social"],"acf":[],"aioseo_notices":[],"_links":{"self":[{"href":"https:\/\/www.api.parlonsfinance.fr\/index.php\/wp-json\/wp\/v2\/posts\/10693","targetHints":{"allow":["GET"]}}],"collection":[{"href":"https:\/\/www.api.parlonsfinance.fr\/index.php\/wp-json\/wp\/v2\/posts"}],"about":[{"href":"https:\/\/www.api.parlonsfinance.fr\/index.php\/wp-json\/wp\/v2\/types\/post"}],"author":[{"embeddable":true,"href":"https:\/\/www.api.parlonsfinance.fr\/index.php\/wp-json\/wp\/v2\/users\/88"}],"replies":[{"embeddable":true,"href":"https:\/\/www.api.parlonsfinance.fr\/index.php\/wp-json\/wp\/v2\/comments?post=10693"}],"version-history":[{"count":2,"href":"https:\/\/www.api.parlonsfinance.fr\/index.php\/wp-json\/wp\/v2\/posts\/10693\/revisions"}],"predecessor-version":[{"id":10699,"href":"https:\/\/www.api.parlonsfinance.fr\/index.php\/wp-json\/wp\/v2\/posts\/10693\/revisions\/10699"}],"wp:featuredmedia":[{"embeddable":true,"href":"https:\/\/www.api.parlonsfinance.fr\/index.php\/wp-json\/wp\/v2\/media\/10700"}],"wp:attachment":[{"href":"https:\/\/www.api.parlonsfinance.fr\/index.php\/wp-json\/wp\/v2\/media?parent=10693"}],"wp:term":[{"taxonomy":"category","embeddable":true,"href":"https:\/\/www.api.parlonsfinance.fr\/index.php\/wp-json\/wp\/v2\/categories?post=10693"},{"taxonomy":"post_tag","embeddable":true,"href":"https:\/\/www.api.parlonsfinance.fr\/index.php\/wp-json\/wp\/v2\/tags?post=10693"}],"curies":[{"name":"wp","href":"https:\/\/api.w.org\/{rel}","templated":true}]}}