{"id":10723,"date":"2026-03-15T23:10:13","date_gmt":"2026-03-15T22:10:13","guid":{"rendered":"https:\/\/www.api.parlonsfinance.fr\/?p=10723"},"modified":"2026-03-15T23:10:13","modified_gmt":"2026-03-15T22:10:13","slug":"facturation-electronique-abby-simplifie-la-transition","status":"publish","type":"post","link":"https:\/\/www.api.parlonsfinance.fr\/index.php\/2026\/03\/15\/facturation-electronique-abby-simplifie-la-transition\/","title":{"rendered":"Facturation \u00e9lectronique : Abby simplifie la transition"},"content":{"rendered":"\n<h2 class=\"wp-block-heading\">\u00c0 six mois de l\u2019entr\u00e9e en vigueur de la r\u00e9forme de la facturation \u00e9lectronique en France, une r\u00e9alit\u00e9 appara\u00eet clairement : beaucoup d\u2019ind\u00e9pendants ne se sentent pas encore pr\u00eats.<\/h2>\n\n\n\n<p>Entre manque d\u2019information, complexit\u00e9 per\u00e7ue et manque de temps, la transition vers l\u2019e-facturation reste encore floue pour une grande partie des freelances, micro-entrepreneurs et petites entreprises.<\/p>\n\n\n\n<p>C\u2019est pr\u00e9cis\u00e9ment pour comprendre ces difficult\u00e9s que Abby, solution fran\u00e7aise de gestion d\u00e9di\u00e9e aux ind\u00e9pendants, a lanc\u00e9 un barom\u00e8tre sur leur niveau de pr\u00e9paration face \u00e0 la r\u00e9forme de 2026.<\/p>\n\n\n\n<p>Les r\u00e9sultats mettent en lumi\u00e8re un d\u00e9fi majeur : la transition vers la facturation \u00e9lectronique est autant un enjeu p\u00e9dagogique qu\u2019un enjeu technologique.<\/p>\n\n\n\n<h3 class=\"wp-block-heading\">Une r\u00e9forme encore mal comprise par les ind\u00e9pendants<\/h3>\n\n\n\n<p>Premier constat du barom\u00e8tre : le manque d\u2019information reste le principal obstacle. Pr\u00e8s d\u2019un ind\u00e9pendant sur deux d\u00e9clare ne pas disposer des informations n\u00e9cessaires pour anticiper correctement la r\u00e9forme.<\/p>\n\n\n\n<p>La confusion est particuli\u00e8rement visible sur un point essentiel : la d\u00e9finition m\u00eame d\u2019une facture \u00e9lectronique. Aujourd\u2019hui encore, 37 % des r\u00e9pondants pensent qu\u2019une e-facture correspond simplement \u00e0 un PDF envoy\u00e9 par email.<\/p>\n\n\n\n<p>Or, la r\u00e9forme introduit un changement beaucoup plus structurant : les factures devront \u00eatre \u00e9mises dans un format standardis\u00e9 et transiter via des plateformes de d\u00e9mat\u00e9rialisation permettant la transmission automatique des donn\u00e9es \u00e0 l\u2019administration fiscale. Pour beaucoup d\u2019ind\u00e9pendants, cette \u00e9volution reste difficile \u00e0 appr\u00e9hender.<\/p>\n\n\n\n<h3 class=\"wp-block-heading\">Comprendre la r\u00e9forme : la premi\u00e8re \u00e9tape pour agir<\/h3>\n\n\n\n<p>L\u2019\u00e9tude r\u00e9v\u00e8le \u00e9galement un autre ph\u00e9nom\u00e8ne : le niveau de compr\u00e9hension influence directement la pr\u00e9paration.<\/p>\n\n\n\n<p>\u00c0 six mois de l\u2019\u00e9ch\u00e9ance :<\/p>\n\n\n\n<ul class=\"wp-block-list\">\n<li>26 % des ind\u00e9pendants n\u2019ont entrepris aucune d\u00e9marche<\/li>\n\n\n\n<li>ce taux atteint 46 % chez ceux qui ne comprennent pas la r\u00e9forme<\/li>\n<\/ul>\n\n\n\n<figure class=\"wp-block-image size-full\"><img loading=\"lazy\" decoding=\"async\" width=\"669\" height=\"291\" src=\"https:\/\/www.api.parlonsfinance.fr\/wp-content\/uploads\/2026\/03\/image-6.png\" alt=\"\" class=\"wp-image-10724\" srcset=\"https:\/\/www.api.parlonsfinance.fr\/wp-content\/uploads\/2026\/03\/image-6.png 669w, https:\/\/www.api.parlonsfinance.fr\/wp-content\/uploads\/2026\/03\/image-6-300x130.png 300w\" sizes=\"auto, (max-width: 669px) 100vw, 669px\" \/><\/figure>\n\n\n\n<p>\u00c0 l\u2019inverse, les professionnels capables de distinguer une facture \u00e9lectronique d\u2019un simple PDF sont trois fois moins susceptibles de rester inactifs. Pour Abby, ce constat est clair : la p\u00e9dagogie est la cl\u00e9 pour accompagner les ind\u00e9pendants dans cette transition.<\/p>\n\n\n\n<h3 class=\"wp-block-heading\">Une r\u00e9forme encore per\u00e7ue comme une contrainte<\/h3>\n\n\n\n<p>Au-del\u00e0 des questions techniques, la perception de la r\u00e9forme reste encore mitig\u00e9e.<\/p>\n\n\n\n<p>Selon le barom\u00e8tre :<\/p>\n\n\n\n<ul class=\"wp-block-list\">\n<li>43 % des ind\u00e9pendants voient la r\u00e9forme comme une contrainte administrative<\/li>\n\n\n\n<li>40 % n\u2019ont pas encore d\u2019avis<\/li>\n\n\n\n<li>seulement 17 % y voient une opportunit\u00e9 de simplification<\/li>\n<\/ul>\n\n\n\n<p>Ce d\u00e9calage montre que les b\u00e9n\u00e9fices potentiels automatisation, r\u00e9duction des erreurs, simplification des d\u00e9marches restent encore abstraits pour de nombreux professionnels. L\u2019un des d\u00e9fis consiste donc \u00e0 transformer cette obligation r\u00e9glementaire en v\u00e9ritable gain de temps pour les ind\u00e9pendants.<\/p>\n\n\n\n<h3 class=\"wp-block-heading\">Abby veut rendre la conformit\u00e9 simple et automatique<\/h3>\n\n\n\n<p>Face \u00e0 ces constats, Abby a d\u00e9velopp\u00e9 une approche claire : rendre la facturation \u00e9lectronique aussi simple que possible pour les ind\u00e9pendants.<\/p>\n\n\n\n<p>La plateforme propose une solution tout-en-un permettant de g\u00e9rer :<\/p>\n\n\n\n<ul class=\"wp-block-list\">\n<li>la cr\u00e9ation de devis et de factures<\/li>\n\n\n\n<li>le suivi des paiements<\/li>\n\n\n\n<li>les relances automatiques<\/li>\n\n\n\n<li>la gestion administrative quotidienne<\/li>\n<\/ul>\n\n\n\n<p>Mais surtout, Abby pr\u00e9pare d\u00e9j\u00e0 ses utilisateurs \u00e0 la r\u00e9forme de 2026.<\/p>\n\n\n\n<p>L\u2019objectif est de permettre aux ind\u00e9pendants d\u2019\u00eatre conformes sans avoir \u00e0 g\u00e9rer eux-m\u00eames la complexit\u00e9 technique de la r\u00e9glementation.<\/p>\n\n\n\n<p>Concr\u00e8tement, la plateforme travaille \u00e0 int\u00e9grer les nouvelles exigences directement dans son outil, afin que la transition vers l\u2019e-facturation se fasse de mani\u00e8re fluide et automatis\u00e9e.<\/p>\n\n\n\n<h3 class=\"wp-block-heading\">Ce que les ind\u00e9pendants attendent vraiment<\/h3>\n\n\n\n<p>Le barom\u00e8tre met \u00e9galement en lumi\u00e8re les attentes tr\u00e8s concr\u00e8tes des ind\u00e9pendants vis-\u00e0-vis des solutions de facturation.<\/p>\n\n\n\n<p>Les priorit\u00e9s exprim\u00e9es sont claires :<\/p>\n\n\n\n<ul class=\"wp-block-list\">\n<li>44 % souhaitent une automatisation compl\u00e8te de la facturation \u00e9lectronique<\/li>\n\n\n\n<li>35 % veulent une stabilit\u00e9 tarifaire, sans co\u00fbts suppl\u00e9mentaires<\/li>\n\n\n\n<li>15 % attendent davantage de contenus p\u00e9dagogiques<\/li>\n\n\n\n<li>6 % privil\u00e9gient un support r\u00e9actif en cas de blocage<\/li>\n<\/ul>\n\n\n\n<p>Ces r\u00e9sultats confirment une tendance forte : les ind\u00e9pendants veulent des outils capables de g\u00e9rer la conformit\u00e9 en arri\u00e8re-plan, sans complexifier leur quotidien.<\/p>\n\n\n\n<h3 class=\"wp-block-heading\">Une transition qui doit rester simple<\/h3>\n\n\n\n<p>Pour Nicolas Lespinasse, CEO d\u2019Abby, le message du barom\u00e8tre est sans ambigu\u00eft\u00e9 : la r\u00e9forme ne pourra r\u00e9ussir que si elle est rendue accessible aux ind\u00e9pendants.<\/p>\n\n\n\n<p>Aujourd\u2019hui encore :<\/p>\n\n\n\n<ul class=\"wp-block-list\">\n<li>plus d\u2019un quart des ind\u00e9pendants n\u2019ont engag\u00e9 aucune d\u00e9marche<\/li>\n\n\n\n<li>plus d\u2019un tiers ne distinguent pas une e-facture d\u2019un PDF<\/li>\n<\/ul>\n\n\n\n<p>Dans ce contexte, la mission d\u2019Abby est de transformer une r\u00e9forme technique en une exp\u00e9rience simple pour les entrepreneurs.<\/p>\n\n\n\n<p>L\u2019ambition est claire : permettre aux ind\u00e9pendants de se concentrer sur leur activit\u00e9, tout en restant automatiquement en conformit\u00e9 avec la r\u00e9glementation.<\/p>\n\n\n\n<h3 class=\"wp-block-heading\">Une opportunit\u00e9 pour moderniser la gestion des ind\u00e9pendants<\/h3>\n\n\n\n<p>Si la r\u00e9forme suscite encore des interrogations, elle peut \u00e9galement devenir un levier de modernisation pour les ind\u00e9pendants.<\/p>\n\n\n\n<p>En automatisant la facturation et certaines obligations administratives, les nouveaux outils peuvent permettre :<\/p>\n\n\n\n<ul class=\"wp-block-list\">\n<li>de gagner du temps<\/li>\n\n\n\n<li>de r\u00e9duire les erreurs<\/li>\n\n\n\n<li>d\u2019am\u00e9liorer la gestion financi\u00e8re<\/li>\n<\/ul>\n\n\n\n<p>Pour Abby, la facturation \u00e9lectronique n\u2019est donc pas seulement une contrainte r\u00e9glementaire.<\/p>\n","protected":false},"excerpt":{"rendered":"<p>\u00c0 six mois de l\u2019entr\u00e9e en vigueur de la r\u00e9forme de la facturation \u00e9lectronique en France, une r\u00e9alit\u00e9 appara\u00eet clairement : beaucoup d\u2019ind\u00e9pendants ne se sentent pas encore pr\u00eats. Entre manque d\u2019information, complexit\u00e9 per\u00e7ue et manque de temps, la transition vers l\u2019e-facturation reste encore floue pour une grande partie des freelances, micro-entrepreneurs et petites entreprises. [&hellip;]<\/p>\n","protected":false},"author":22,"featured_media":10726,"comment_status":"open","ping_status":"open","sticky":false,"template":"","format":"standard","meta":{"_acf_changed":false,"footnotes":""},"categories":[793,66,29],"tags":[7,393,883,5,23],"class_list":["post-10723","post","type-post","status-publish","format-standard","has-post-thumbnail","hentry","category-highlighted","category-energie","category-entreprises","tag-business","tag-entreprises","tag-facturation","tag-finance","tag-investissement"],"acf":[],"aioseo_notices":[],"_links":{"self":[{"href":"https:\/\/www.api.parlonsfinance.fr\/index.php\/wp-json\/wp\/v2\/posts\/10723","targetHints":{"allow":["GET"]}}],"collection":[{"href":"https:\/\/www.api.parlonsfinance.fr\/index.php\/wp-json\/wp\/v2\/posts"}],"about":[{"href":"https:\/\/www.api.parlonsfinance.fr\/index.php\/wp-json\/wp\/v2\/types\/post"}],"author":[{"embeddable":true,"href":"https:\/\/www.api.parlonsfinance.fr\/index.php\/wp-json\/wp\/v2\/users\/22"}],"replies":[{"embeddable":true,"href":"https:\/\/www.api.parlonsfinance.fr\/index.php\/wp-json\/wp\/v2\/comments?post=10723"}],"version-history":[{"count":1,"href":"https:\/\/www.api.parlonsfinance.fr\/index.php\/wp-json\/wp\/v2\/posts\/10723\/revisions"}],"predecessor-version":[{"id":10727,"href":"https:\/\/www.api.parlonsfinance.fr\/index.php\/wp-json\/wp\/v2\/posts\/10723\/revisions\/10727"}],"wp:featuredmedia":[{"embeddable":true,"href":"https:\/\/www.api.parlonsfinance.fr\/index.php\/wp-json\/wp\/v2\/media\/10726"}],"wp:attachment":[{"href":"https:\/\/www.api.parlonsfinance.fr\/index.php\/wp-json\/wp\/v2\/media?parent=10723"}],"wp:term":[{"taxonomy":"category","embeddable":true,"href":"https:\/\/www.api.parlonsfinance.fr\/index.php\/wp-json\/wp\/v2\/categories?post=10723"},{"taxonomy":"post_tag","embeddable":true,"href":"https:\/\/www.api.parlonsfinance.fr\/index.php\/wp-json\/wp\/v2\/tags?post=10723"}],"curies":[{"name":"wp","href":"https:\/\/api.w.org\/{rel}","templated":true}]}}