{"id":10728,"date":"2026-03-16T14:16:25","date_gmt":"2026-03-16T13:16:25","guid":{"rendered":"https:\/\/www.api.parlonsfinance.fr\/?p=10728"},"modified":"2026-03-16T14:16:25","modified_gmt":"2026-03-16T13:16:25","slug":"comment-fonctionnent-les-prix-des-quotas-carbone","status":"publish","type":"post","link":"https:\/\/www.api.parlonsfinance.fr\/index.php\/2026\/03\/16\/comment-fonctionnent-les-prix-des-quotas-carbone\/","title":{"rendered":"Comment fonctionnent les prix des quotas carbone"},"content":{"rendered":"\n<h2 class=\"wp-block-heading\">\u00ab Le prix du carbone est souvent per\u00e7u comme une simple taxe environnementale. En r\u00e9alit\u00e9, il fonctionne comme un v\u00e9ritable march\u00e9 financier o\u00f9 l\u2019offre, la demande et la raret\u00e9 d\u00e9terminent la valeur de la pollution. \u00bb<\/h2>\n\n\n\n<p>Comprendre ce m\u00e9canisme est essentiel, car aujourd\u2019hui le prix du carbone influence directement le co\u00fbt de l\u2019\u00e9nergie, des mat\u00e9riaux industriels et, \u00e0 terme, celui de nombreux produits du quotidien.<\/p>\n\n\n\n<p>Le syst\u00e8me europ\u00e9en de quotas carbone, appel\u00e9 EU ETS (Emissions Trading System), est aujourd\u2019hui l\u2019un des outils centraux de la transition \u00e9nerg\u00e9tique en Europe.<\/p>\n\n\n\n<h3 class=\"wp-block-heading\">Comment fonctionne r\u00e9ellement le march\u00e9 du carbone<\/h3>\n\n\n\n<p>Le principe repose sur un m\u00e9canisme appel\u00e9 \u201cCap and Trade\u201d.<\/p>\n\n\n\n<p>D\u2019un c\u00f4t\u00e9, les autorit\u00e9s fixent une limite maximale d\u2019\u00e9missions de CO\u2082 pour certains secteurs industriels comme l\u2019\u00e9nergie, l\u2019acier, le ciment ou l\u2019aviation. Ce plafond global le cap diminue progressivement chaque ann\u00e9e afin de forcer la r\u00e9duction des \u00e9missions.<\/p>\n\n\n\n<p>Pour fonctionner, ce syst\u00e8me s\u2019appuie sur des quotas carbone :<br>1 quota = le droit d\u2019\u00e9mettre 1 tonne de CO\u2082.<\/p>\n\n\n\n<p>Les entreprises doivent poss\u00e9der suffisamment de quotas pour couvrir leurs \u00e9missions r\u00e9elles. Si elles d\u00e9passent leur allocation, elles doivent acheter des quotas suppl\u00e9mentaires sur le march\u00e9.<\/p>\n\n\n\n<p>\u00c0 l\u2019inverse, les entreprises qui \u00e9mettent moins que pr\u00e9vu peuvent revendre leurs quotas exc\u00e9dentaires. C\u2019est cette possibilit\u00e9 d\u2019\u00e9changer les quotas le trade qui cr\u00e9e un v\u00e9ritable march\u00e9 du carbone.<\/p>\n\n\n\n<h3 class=\"wp-block-heading\">Pourquoi le prix du carbone fluctue<\/h3>\n\n\n\n<p>Comme sur les march\u00e9s financiers traditionnels, le prix des quotas carbone \u00e9volue en fonction de l\u2019offre et de la demande. Plusieurs facteurs influencent ces variations.<\/p>\n\n\n\n<p>D\u2019abord, la m\u00e9t\u00e9o et le prix de l\u2019\u00e9nergie jouent un r\u00f4le important. Lorsqu\u2019un hiver est particuli\u00e8rement froid ou que le prix du gaz augmente fortement, certains producteurs d\u2019\u00e9lectricit\u00e9 se tournent vers le charbon, plus polluant. Les \u00e9missions augmentent alors, ce qui accro\u00eet la demande de quotas carbone.<\/p>\n\n\n\n<p>Ensuite, il y a la raret\u00e9 organis\u00e9e. L\u2019Union europ\u00e9enne r\u00e9duit progressivement le nombre total de quotas disponibles sur le march\u00e9. Cette contraction de l\u2019offre vise \u00e0 augmenter le co\u00fbt de la pollution pour acc\u00e9l\u00e9rer la d\u00e9carbonation de l\u2019\u00e9conomie.<\/p>\n\n\n\n<p>Enfin, il existe un m\u00e9canisme de stabilisation appel\u00e9 MSR (Market Stability Reserve). Cette r\u00e9serve agit un peu comme une banque centrale du carbone : lorsque trop de quotas circulent sur le march\u00e9, une partie est retir\u00e9e pour \u00e9viter un effondrement des prix.<\/p>\n\n\n\n<p>Ces ajustements permettent de maintenir un signal prix suffisamment fort pour encourager les entreprises \u00e0 r\u00e9duire leurs \u00e9missions.<\/p>\n\n\n\n<h3 class=\"wp-block-heading\">Quand le prix du carbone influence l\u2019\u00e9conomie r\u00e9elle<\/h3>\n\n\n\n<p>Le prix du carbone ne concerne pas seulement les industries lourdes. Il finit souvent par se diffuser dans toute l\u2019\u00e9conomie.<\/p>\n\n\n\n<p>Lorsque la tonne de CO\u2082 devient plus ch\u00e8re, les entreprises fortement \u00e9mettrices voient leurs co\u00fbts de production augmenter. C\u2019est notamment le cas dans des secteurs comme l\u2019acier, le ciment, la chimie ou le transport a\u00e9rien. Ces co\u00fbts suppl\u00e9mentaires peuvent ensuite \u00eatre r\u00e9percut\u00e9s dans les prix finaux.<\/p>\n\n\n\n<p>Par exemple, une hausse du prix du carbone peut contribuer \u00e0 rench\u00e9rir le co\u00fbt de construction d\u2019un logement, le prix d\u2019une voiture ou celui d\u2019un billet d\u2019avion.<\/p>\n\n\n\n<p>Ce ph\u00e9nom\u00e8ne est parfois qualifi\u00e9 de \u201cgreenflation\u201d, car la transition \u00e9nerg\u00e9tique peut provoquer certaines pressions inflationnistes \u00e0 court terme.<\/p>\n\n\n\n<h3 class=\"wp-block-heading\">Pourquoi cette hausse des co\u00fbts est intentionnelle<\/h3>\n\n\n\n<p>L\u2019objectif du march\u00e9 carbone n\u2019est pas seulement de mesurer les \u00e9missions. Il vise surtout \u00e0 modifier les incitations \u00e9conomiques.<\/p>\n\n\n\n<p>En rendant progressivement la pollution plus co\u00fbteuse, le syst\u00e8me encourage les entreprises \u00e0 investir dans des technologies plus propres.<\/p>\n\n\n\n<p>Lorsque le prix du CO\u2082 augmente suffisamment, certaines alternatives deviennent plus comp\u00e9titives :<\/p>\n\n\n\n<ul class=\"wp-block-list\">\n<li>les \u00e9nergies renouvelables<\/li>\n\n\n\n<li>l\u2019hydrog\u00e8ne bas carbone<\/li>\n\n\n\n<li>le recyclage des mat\u00e9riaux<\/li>\n\n\n\n<li>les proc\u00e9d\u00e9s industriels moins \u00e9metteurs<\/li>\n<\/ul>\n\n\n\n<p>L\u2019id\u00e9e est simple : faire en sorte que r\u00e9duire ses \u00e9missions devienne \u00e9conomiquement plus rentable que continuer \u00e0 polluer.<\/p>\n\n\n\n<h3 class=\"wp-block-heading\">Ce que cela signifie pour l\u2019\u00e9conomie europ\u00e9enne<\/h3>\n\n\n\n<p>Avec la mont\u00e9e du march\u00e9 carbone, le prix de la tonne de CO\u2082 est devenu un indicateur cl\u00e9 de la transition \u00e9nerg\u00e9tique en Europe.<\/p>\n\n\n\n<p>Il influence les d\u00e9cisions d\u2019investissement des entreprises, les choix technologiques dans l\u2019industrie et m\u00eame certaines strat\u00e9gies \u00e9nerg\u00e9tiques des \u00c9tats.<\/p>\n\n\n\n<p>Comme les indices boursiers pour les march\u00e9s financiers, le prix du carbone agit d\u00e9sormais comme un signal central pour orienter les flux \u00e9conomiques.<\/p>\n","protected":false},"excerpt":{"rendered":"<p>\u00ab Le prix du carbone est souvent per\u00e7u comme une simple taxe environnementale. En r\u00e9alit\u00e9, il fonctionne comme un v\u00e9ritable march\u00e9 financier o\u00f9 l\u2019offre, la demande et la raret\u00e9 d\u00e9terminent la valeur de la pollution. \u00bb Comprendre ce m\u00e9canisme est essentiel, car aujourd\u2019hui le prix du carbone influence directement le co\u00fbt de l\u2019\u00e9nergie, des mat\u00e9riaux [&hellip;]<\/p>\n","protected":false},"author":87,"featured_media":9369,"comment_status":"open","ping_status":"open","sticky":false,"template":"","format":"standard","meta":{"_acf_changed":false,"footnotes":""},"categories":[14,793,66],"tags":[7,6,260,28,118],"class_list":["post-10728","post","type-post","status-publish","format-standard","has-post-thumbnail","hentry","category-economie","category-highlighted","category-energie","tag-business","tag-economie","tag-energie-2","tag-politique","tag-ue"],"acf":[],"aioseo_notices":[],"_links":{"self":[{"href":"https:\/\/www.api.parlonsfinance.fr\/index.php\/wp-json\/wp\/v2\/posts\/10728","targetHints":{"allow":["GET"]}}],"collection":[{"href":"https:\/\/www.api.parlonsfinance.fr\/index.php\/wp-json\/wp\/v2\/posts"}],"about":[{"href":"https:\/\/www.api.parlonsfinance.fr\/index.php\/wp-json\/wp\/v2\/types\/post"}],"author":[{"embeddable":true,"href":"https:\/\/www.api.parlonsfinance.fr\/index.php\/wp-json\/wp\/v2\/users\/87"}],"replies":[{"embeddable":true,"href":"https:\/\/www.api.parlonsfinance.fr\/index.php\/wp-json\/wp\/v2\/comments?post=10728"}],"version-history":[{"count":1,"href":"https:\/\/www.api.parlonsfinance.fr\/index.php\/wp-json\/wp\/v2\/posts\/10728\/revisions"}],"predecessor-version":[{"id":10729,"href":"https:\/\/www.api.parlonsfinance.fr\/index.php\/wp-json\/wp\/v2\/posts\/10728\/revisions\/10729"}],"wp:featuredmedia":[{"embeddable":true,"href":"https:\/\/www.api.parlonsfinance.fr\/index.php\/wp-json\/wp\/v2\/media\/9369"}],"wp:attachment":[{"href":"https:\/\/www.api.parlonsfinance.fr\/index.php\/wp-json\/wp\/v2\/media?parent=10728"}],"wp:term":[{"taxonomy":"category","embeddable":true,"href":"https:\/\/www.api.parlonsfinance.fr\/index.php\/wp-json\/wp\/v2\/categories?post=10728"},{"taxonomy":"post_tag","embeddable":true,"href":"https:\/\/www.api.parlonsfinance.fr\/index.php\/wp-json\/wp\/v2\/tags?post=10728"}],"curies":[{"name":"wp","href":"https:\/\/api.w.org\/{rel}","templated":true}]}}