{"id":10730,"date":"2026-03-17T17:19:51","date_gmt":"2026-03-17T16:19:51","guid":{"rendered":"https:\/\/www.api.parlonsfinance.fr\/?p=10730"},"modified":"2026-03-17T17:43:59","modified_gmt":"2026-03-17T16:43:59","slug":"immobilier-vers-un-cycle-plus-professionnel","status":"publish","type":"post","link":"https:\/\/www.api.parlonsfinance.fr\/index.php\/2026\/03\/17\/immobilier-vers-un-cycle-plus-professionnel\/","title":{"rendered":"Interview Parlons Finance &#8211; Xavier Belvaux, PDG de WeInvest France"},"content":{"rendered":"\n<h2 class=\"wp-block-heading\">Apr\u00e8s plusieurs mois de turbulences, le march\u00e9 immobilier fran\u00e7ais semble amorcer un tournant. Port\u00e9 par la hausse rapide des taux d\u2019int\u00e9r\u00eat, le secteur a connu une phase de correction marqu\u00e9e, affectant \u00e0 la fois les prix et le volume des transactions.<\/h2>\n\n\n\n<p>Aujourd\u2019hui, les signaux d\u2019une stabilisation progressive se multiplient : les prix s\u2019ajustent, les acqu\u00e9reurs reviennent et les professionnels doivent repenser leurs mod\u00e8les pour s\u2019adapter \u00e0 un environnement en mutation.<\/p>\n\n\n\n<p>Dans ce contexte charni\u00e8re, Parlons Finance a rencontr\u00e9 Xavier Belvaux, PDG de WeInvest France. Il revient sur l\u2019\u00e9tat actuel du march\u00e9, d\u00e9crypte les \u00e9volutions en cours et partage sa vision des transformations qui fa\u00e7onneront l\u2019immobilier de demain.<\/p>\n\n\n\n<h3 class=\"wp-block-heading\">Quel regard portez-vous sur l&rsquo;\u00e9tat actuel du march\u00e9 immobilier en France et selon vous, o\u00f9 en sommes-nous dans ce cycle ?<\/h3>\n\n\n\n<p>Le march\u00e9 immobilier fran\u00e7ais sort d\u2019une phase de correction li\u00e9e \u00e0 la remont\u00e9e rapide des taux d\u2019int\u00e9r\u00eat. Le pouvoir d\u2019achat immobilier a fortement recul\u00e9, ce qui a m\u00e9caniquement ralenti les transactions.<br><\/p>\n\n\n\n<p>Ce qu\u2019on observe aujourd\u2019hui, c\u2019est un march\u00e9 qui se r\u00e9\u00e9quilibre progressivement : les prix se sont ajust\u00e9s dans de nombreuses villes et les acqu\u00e9reurs commencent \u00e0 revenir, on retrouve c\u00f4t\u00e9 ventes les standards de 2020. <\/p>\n\n\n\n<p>Ce qui est une bonne nouvelle! Nous sortons d\u2019une phase de correction, mais l\u2019immobilier reste un march\u00e9 profond\u00e9ment structurel en France. <\/p>\n\n\n\n<p>Nous entrons probablement dans un nouveau cycle plus sain, moins sp\u00e9culatif mais plus professionnel.<\/p>\n\n\n\n<h3 class=\"wp-block-heading\">Vous prenez les r\u00eanes de WeInvest France \u00e0 un moment charni\u00e8re, celui de son<br>ind\u00e9pendance. Quelles sont vos ambitions pour cette nouvelle \u00e9tape ?<\/h3>\n\n\n\n<p>Cette ind\u00e9pendance nous permet de clarifier notre ambition : construire en France une communaut\u00e9 immobili\u00e8re moderne, entrepreneuriale et tr\u00e8s ancr\u00e9e dans les territoires.<\/p>\n\n\n\n<p>Notre mod\u00e8le repose sur une marque forte, un maillage territorial solide et une communaut\u00e9 d\u2019entrepreneurs immobiliers accompagn\u00e9s par des outils performants. <\/p>\n\n\n\n<p>Notre ambition est simple : b\u00e2tir un r\u00e9seau durable qui accompagne les transformations profondes du secteur de l\u2019immobilier.<\/p>\n\n\n\n<h3 class=\"wp-block-heading\">La fusion de BL Agents marque-t-elle une acc\u00e9l\u00e9ration strat\u00e9gique ?<\/h3>\n\n\n\n<p>Oui, clairement. Le march\u00e9 immobilier est en pleine transformation et les mod\u00e8les \u00e9voluent rapidement, je souhaitais pouvoir r\u00e9pondre \u00e0 tout type d\u2019entrepreneurs qui souhaitent nous rejoindre.<\/p>\n\n\n\n<p>Avec BL Agents, nous \u00e9largissons donc notre \u00e9cosyst\u00e8me pour accueillir diff\u00e9rents profils d\u2019entrepreneurs immobiliers tout en partageant les m\u00eames outils et la m\u00eame culture avec nos mod\u00e8les d\u2019agences immobili\u00e8res.<br><\/p>\n\n\n\n<p>Le march\u00e9 immobilier se transforme et notre strat\u00e9gie consiste \u00e0 construire un \u00e9cosyst\u00e8me capable d\u2019accompagner cette mutation.<\/p>\n\n\n\n<h3 class=\"wp-block-heading\">\u00c0 horizon 5 \u00e0 10 ans, quelles tendances vont transformer le secteur ?<\/h3>\n\n\n\n<p>Trois tendances me paraissent \u00e9videntes.<\/p>\n\n\n\n<ul class=\"wp-block-list\">\n<li>D\u2019abord, une professionnalisation accrue du m\u00e9tier avec des clients toujours plus exigeants et qui souhaitent avoir les r\u00e9ponses tr\u00e8s rapidement \u201cle conseil ultra personnalis\u00e9\u201d.<br><\/li>\n\n\n\n<li>Ensuite, l\u2019hybridation des mod\u00e8les entre agences physiques, r\u00e9seaux et technologie. <\/li>\n\n\n\n<li>Enfin, les dynamiques territoriales vont continuer d\u2019\u00e9voluer avec le t\u00e9l\u00e9travail et les nouvelles mobilit\u00e9s.<br><\/li>\n\n\n\n<li>Les r\u00e9seaux qui r\u00e9ussiront demain seront ceux qui sauront allier technologie, ancrage local, culture entrepreneuriale et surtout \u00e9coute de leurs clients.<\/li>\n<\/ul>\n","protected":false},"excerpt":{"rendered":"<p>Apr\u00e8s plusieurs mois de turbulences, le march\u00e9 immobilier fran\u00e7ais semble amorcer un tournant. Port\u00e9 par la hausse rapide des taux d\u2019int\u00e9r\u00eat, le secteur a connu une phase de correction marqu\u00e9e, affectant \u00e0 la fois les prix et le volume des transactions. Aujourd\u2019hui, les signaux d\u2019une stabilisation progressive se multiplient : les prix s\u2019ajustent, les acqu\u00e9reurs [&hellip;]<\/p>\n","protected":false},"author":22,"featured_media":10735,"comment_status":"open","ping_status":"open","sticky":false,"template":"","format":"standard","meta":{"_acf_changed":false,"footnotes":""},"categories":[793,122,813],"tags":[7,24,5,500,23],"class_list":["post-10730","post","type-post","status-publish","format-standard","has-post-thumbnail","hentry","category-highlighted","category-immobilier","category-interviews","tag-business","tag-economie-2","tag-finance","tag-immobiler","tag-investissement"],"acf":[],"aioseo_notices":[],"_links":{"self":[{"href":"https:\/\/www.api.parlonsfinance.fr\/index.php\/wp-json\/wp\/v2\/posts\/10730","targetHints":{"allow":["GET"]}}],"collection":[{"href":"https:\/\/www.api.parlonsfinance.fr\/index.php\/wp-json\/wp\/v2\/posts"}],"about":[{"href":"https:\/\/www.api.parlonsfinance.fr\/index.php\/wp-json\/wp\/v2\/types\/post"}],"author":[{"embeddable":true,"href":"https:\/\/www.api.parlonsfinance.fr\/index.php\/wp-json\/wp\/v2\/users\/22"}],"replies":[{"embeddable":true,"href":"https:\/\/www.api.parlonsfinance.fr\/index.php\/wp-json\/wp\/v2\/comments?post=10730"}],"version-history":[{"count":5,"href":"https:\/\/www.api.parlonsfinance.fr\/index.php\/wp-json\/wp\/v2\/posts\/10730\/revisions"}],"predecessor-version":[{"id":10739,"href":"https:\/\/www.api.parlonsfinance.fr\/index.php\/wp-json\/wp\/v2\/posts\/10730\/revisions\/10739"}],"wp:featuredmedia":[{"embeddable":true,"href":"https:\/\/www.api.parlonsfinance.fr\/index.php\/wp-json\/wp\/v2\/media\/10735"}],"wp:attachment":[{"href":"https:\/\/www.api.parlonsfinance.fr\/index.php\/wp-json\/wp\/v2\/media?parent=10730"}],"wp:term":[{"taxonomy":"category","embeddable":true,"href":"https:\/\/www.api.parlonsfinance.fr\/index.php\/wp-json\/wp\/v2\/categories?post=10730"},{"taxonomy":"post_tag","embeddable":true,"href":"https:\/\/www.api.parlonsfinance.fr\/index.php\/wp-json\/wp\/v2\/tags?post=10730"}],"curies":[{"name":"wp","href":"https:\/\/api.w.org\/{rel}","templated":true}]}}