{"id":10771,"date":"2026-04-01T11:02:52","date_gmt":"2026-04-01T09:02:52","guid":{"rendered":"https:\/\/www.api.parlonsfinance.fr\/?p=10771"},"modified":"2026-04-01T11:02:52","modified_gmt":"2026-04-01T09:02:52","slug":"pourquoi-la-france-participe-aux-economics-olympiad","status":"publish","type":"post","link":"https:\/\/www.api.parlonsfinance.fr\/index.php\/2026\/04\/01\/pourquoi-la-france-participe-aux-economics-olympiad\/","title":{"rendered":"Pourquoi la France participe aux Economics Olympiad"},"content":{"rendered":"\n<h2 class=\"wp-block-heading\"><br>Depuis dix ans, six \u00e9quipes fran\u00e7aises avaient d\u00e9j\u00e0 tent\u00e9 d&rsquo;obtenir leur validation aupr\u00e8s du comit\u00e9 \u00e9conomique olympique. Six dossiers. Six refus. <\/h2>\n\n\n\n<p>Quand nous avons d\u00e9cid\u00e9 de monter cette candidature avec Paul du Pontavice, je savais que le chemin serait exigeant. Je m&rsquo;appelle Pierre Cotteau de Simencourt, \u00e9tudiant en premi\u00e8re ann\u00e9e du double dipl\u00f4me entre Sciences Po Paris et Columbia University, et Chief of Staff dans une startup. Paul, lui, est \u00e9galement en premi\u00e8re ann\u00e9e de ce double dipl\u00f4me et en poste dans un fonds d&rsquo;investissement. Nous avons l&rsquo;habitude de mener plusieurs chantiers de front.<\/p>\n\n\n\n<p>Mais co-construire ce dossier et le faire valider reste l&rsquo;un des d\u00e9fis les plus stimulants que nous ayons relev\u00e9s ensemble. Cette ann\u00e9e, le comit\u00e9 a dit oui. Ecolympiad FR devient la premi\u00e8re d\u00e9l\u00e9gation fran\u00e7aise de l&rsquo;histoire \u00e0 \u00eatre officiellement reconnue. Dix ans d&rsquo;attente, et enfin une d\u00e9l\u00e9gation qui repr\u00e9sentera la France.<br><\/p>\n\n\n\n<h3 class=\"wp-block-heading\">Un constat simple : la France avait les talents, pas la sc\u00e8ne.<\/h3>\n\n\n\n<p><br>Ce qui nous a pouss\u00e9s \u00e0 lancer ce projet, Paul du Pontavice et moi, c&rsquo;est une frustration que beaucoup partagent sans forc\u00e9ment la formuler : la France forme chaque ann\u00e9e des jeunes exceptionnels en \u00e9conomie et en math\u00e9matiques, mais ne leur offre aucune vitrine internationale \u00e0 la hauteur de leur niveau. Les olympiades d&rsquo;\u00e9conomie repr\u00e9sentent<br>exactement cette sc\u00e8ne avec une comp\u00e9tition mondiale reconnue, s\u00e9rieuse, qui r\u00e9unit les meilleures d\u00e9l\u00e9gations d&rsquo;Asie, d&rsquo;Europe et d&rsquo;Am\u00e9rique. Il \u00e9tait temps que la France en fasse partie. Deux \u00e9tudiants convaincus qu&rsquo;on n&rsquo;attend pas d&rsquo;avoir fini ses \u00e9tudes pour construire quelque chose de s\u00e9rieux. <\/p>\n\n\n\n<h3 class=\"wp-block-heading\">Ce qu&rsquo;on a mis en place : repr\u00e9senter la France en Chine, cet \u00e9t\u00e9.<br><\/h3>\n\n\n\n<p>Nous allons s\u00e9lectionner 5 jeunes de moins de 20 ans pour composer l&rsquo;\u00e9quipe de France qui participera aux Olympiades en juillet \u00e0 Suzhou, dans la r\u00e9gion de Shanghai. L&rsquo;int\u00e9gralit\u00e9 des frais (transport, h\u00e9bergement, logistique) est prise en charge par nos partenaires sponsors.<br>\u00catre retenu pour repr\u00e9senter son pays dans une comp\u00e9tition \u00e9conomique internationale, c&rsquo;est une exp\u00e9rience qui marque durablement un parcours, que ce soit sur un CV ou dans un dossier ParcoursSup. Les candidatures sont d\u00e9sormais closes et le niveau des dossiers re\u00e7us \u00e9tait au rendez-vous. <\/p>\n\n\n\n<h3 class=\"wp-block-heading\">Un accompagnement s\u00e9rieux, pas seulement un billet d&rsquo;avion. <\/h3>\n\n\n\n<p>Les candidats retenus, 5 s\u00e9lectionn\u00e9s et un rempla\u00e7ant, b\u00e9n\u00e9ficieront d&rsquo;un weekend de pr\u00e9paration \u00e0 Paris : visites d&rsquo;institutions \u00e9conomiques majeures, sessions de travail avec notre professeur r\u00e9f\u00e9rent (ancien coach d&rsquo;une d\u00e9l\u00e9gation m\u00e9daill\u00e9e aux Olympiades de l&rsquo;\u00e9conomie), et construction d&rsquo;une vraie dynamique d&rsquo;\u00e9quipe. En parall\u00e8le, nous organiserons des conf\u00e9rences \u00e0 travers toute la France en partenariat avec des acteurs \u00e9conomiques majeurs.  L&rsquo;objectif est de cr\u00e9er un environnement d&rsquo;excellence, avant m\u00eame le d\u00e9part pour la Chine.<\/p>\n\n\n\n<h3 class=\"wp-block-heading\">Et la suite ?<\/h3>\n\n\n\n<p><br>Ce projet ne s&rsquo;arr\u00eate pas \u00e0 l&rsquo;\u00e9t\u00e9 2025. Nous construisons sur le long terme avec un r\u00e9seau d&rsquo;alumni actif, des \u00e9v\u00e9nements, des rencontres professionnelles, et une communaut\u00e9 qui grandit \u00e0 chaque \u00e9dition. Nous restons par ailleurs ouverts aux partenariats sponsors pour les<br>entreprises souhaitant s&rsquo;associer \u00e0 ce projet et accompagner la prochaine g\u00e9n\u00e9ration d&rsquo;\u00e9conomistes fran\u00e7ais. <\/p>\n\n\n\n<p>En parall\u00e8le, je vous tiendrai inform\u00e9e de nos aventures et pour partagerai r\u00e9guli\u00e8rement mon regard sur l&rsquo;actualit\u00e9 \u00e9conomique et financi\u00e8re sur ParlonsFinance.<\/p>\n\n\n\n<p><br>\u00c0 bient\u00f4t,<br>Pierre Cotteau de Simencourt<\/p>\n\n\n\n<p><strong>Cr\u00e9dit image : Rania Bouzenada<\/strong><\/p>\n\n\n\n<p><\/p>\n","protected":false},"excerpt":{"rendered":"<p>Depuis dix ans, six \u00e9quipes fran\u00e7aises avaient d\u00e9j\u00e0 tent\u00e9 d&rsquo;obtenir leur validation aupr\u00e8s du comit\u00e9 \u00e9conomique olympique. Six dossiers. Six refus. Quand nous avons d\u00e9cid\u00e9 de monter cette candidature avec Paul du Pontavice, je savais que le chemin serait exigeant. Je m&rsquo;appelle Pierre Cotteau de Simencourt, \u00e9tudiant en premi\u00e8re ann\u00e9e du double dipl\u00f4me entre Sciences [&hellip;]<\/p>\n","protected":false},"author":22,"featured_media":10772,"comment_status":"open","ping_status":"open","sticky":false,"template":"","format":"standard","meta":{"_acf_changed":false,"footnotes":""},"categories":[793,811,628],"tags":[10,7,889,5,23],"class_list":["post-10771","post","type-post","status-publish","format-standard","has-post-thumbnail","hentry","category-highlighted","category-learning","category-sucess-story","tag-bourse","tag-business","tag-concept","tag-finance","tag-investissement"],"acf":[],"aioseo_notices":[],"_links":{"self":[{"href":"https:\/\/www.api.parlonsfinance.fr\/index.php\/wp-json\/wp\/v2\/posts\/10771","targetHints":{"allow":["GET"]}}],"collection":[{"href":"https:\/\/www.api.parlonsfinance.fr\/index.php\/wp-json\/wp\/v2\/posts"}],"about":[{"href":"https:\/\/www.api.parlonsfinance.fr\/index.php\/wp-json\/wp\/v2\/types\/post"}],"author":[{"embeddable":true,"href":"https:\/\/www.api.parlonsfinance.fr\/index.php\/wp-json\/wp\/v2\/users\/22"}],"replies":[{"embeddable":true,"href":"https:\/\/www.api.parlonsfinance.fr\/index.php\/wp-json\/wp\/v2\/comments?post=10771"}],"version-history":[{"count":1,"href":"https:\/\/www.api.parlonsfinance.fr\/index.php\/wp-json\/wp\/v2\/posts\/10771\/revisions"}],"predecessor-version":[{"id":10773,"href":"https:\/\/www.api.parlonsfinance.fr\/index.php\/wp-json\/wp\/v2\/posts\/10771\/revisions\/10773"}],"wp:featuredmedia":[{"embeddable":true,"href":"https:\/\/www.api.parlonsfinance.fr\/index.php\/wp-json\/wp\/v2\/media\/10772"}],"wp:attachment":[{"href":"https:\/\/www.api.parlonsfinance.fr\/index.php\/wp-json\/wp\/v2\/media?parent=10771"}],"wp:term":[{"taxonomy":"category","embeddable":true,"href":"https:\/\/www.api.parlonsfinance.fr\/index.php\/wp-json\/wp\/v2\/categories?post=10771"},{"taxonomy":"post_tag","embeddable":true,"href":"https:\/\/www.api.parlonsfinance.fr\/index.php\/wp-json\/wp\/v2\/tags?post=10771"}],"curies":[{"name":"wp","href":"https:\/\/api.w.org\/{rel}","templated":true}]}}