{"id":10837,"date":"2026-04-24T22:01:10","date_gmt":"2026-04-24T20:01:10","guid":{"rendered":"https:\/\/www.api.parlonsfinance.fr\/?p=10837"},"modified":"2026-04-25T10:02:50","modified_gmt":"2026-04-25T08:02:50","slug":"credit-prive-privilegier-les-valorisations","status":"publish","type":"post","link":"https:\/\/www.api.parlonsfinance.fr\/index.php\/2026\/04\/24\/credit-prive-privilegier-les-valorisations\/","title":{"rendered":"Cr\u00e9dit priv\u00e9 : privil\u00e9gier les valorisations"},"content":{"rendered":"\n<h2 class=\"wp-block-heading\">\u00ab Tirer profit des dynamiques du cr\u00e9dit priv\u00e9 ne repose pas uniquement sur l\u2019\u00e9volution des march\u00e9s, mais sur la compr\u00e9hension fine des m\u00e9canismes de valorisation et de liquidit\u00e9. \u00bb<\/h2>\n\n\n\n<p>Contrairement \u00e0 une lecture simpliste o\u00f9 les mouvements de capitaux seraient uniquement dict\u00e9s par la peur ou la confiance, les flux observ\u00e9s dans le cr\u00e9dit priv\u00e9 traduisent souvent des arbitrages rationnels dans un environnement marqu\u00e9 par des frictions de march\u00e9 et des asym\u00e9tries d\u2019information. Les investisseurs ne fuient pas syst\u00e9matiquement le risque : ils le reconfigurent.<\/p>\n\n\n\n<p>Avant de continuer, un grand merci \u00e0 notre sponsor Trade Republic pour son soutien \ud83e\udd1d<\/p>\n\n\n\n<figure class=\"wp-block-image\"><a href=\"https:\/\/trade.re\/parlonsfinance\"><img loading=\"lazy\" decoding=\"async\" width=\"1024\" height=\"576\" src=\"https:\/\/www.api.parlonsfinance.fr\/wp-content\/uploads\/2024\/09\/Trade-Republic-avis-1-1024x576.jpg\" alt=\"\" class=\"wp-image-3993\" srcset=\"https:\/\/www.api.parlonsfinance.fr\/wp-content\/uploads\/2024\/09\/Trade-Republic-avis-1-1024x576.jpg 1024w, https:\/\/www.api.parlonsfinance.fr\/wp-content\/uploads\/2024\/09\/Trade-Republic-avis-1-300x169.jpg 300w, https:\/\/www.api.parlonsfinance.fr\/wp-content\/uploads\/2024\/09\/Trade-Republic-avis-1-768x432.jpg 768w, https:\/\/www.api.parlonsfinance.fr\/wp-content\/uploads\/2024\/09\/Trade-Republic-avis-1-1536x864.jpg 1536w, https:\/\/www.api.parlonsfinance.fr\/wp-content\/uploads\/2024\/09\/Trade-Republic-avis-1-2048x1152.jpg 2048w, https:\/\/www.api.parlonsfinance.fr\/wp-content\/uploads\/2024\/09\/Trade-Republic-avis-1-1920x1080.jpg 1920w, https:\/\/www.api.parlonsfinance.fr\/wp-content\/uploads\/2024\/09\/Trade-Republic-avis-1-1170x658.jpg 1170w, https:\/\/www.api.parlonsfinance.fr\/wp-content\/uploads\/2024\/09\/Trade-Republic-avis-1-585x329.jpg 585w\" sizes=\"auto, (max-width: 1024px) 100vw, 1024px\" \/><\/a><\/figure>\n\n\n\n<div class=\"wp-block-buttons is-content-justification-center is-layout-flex wp-container-core-buttons-is-layout-16018d1d wp-block-buttons-is-layout-flex\">\n<div class=\"wp-block-button has-custom-width wp-block-button__width-75 is-style-fill\"><a class=\"wp-block-button__link wp-element-button\" href=\"https:\/\/trade.re\/parlonsfinance\" style=\"border-top-left-radius:100px;border-top-right-radius:100px;border-bottom-left-radius:100px;border-bottom-right-radius:100px\">J\u2019ouvre mon compte Trade Republic<\/a><\/div>\n<\/div>\n\n\n\n<h3 class=\"wp-block-heading\">Une logique d\u2019arbitrage plut\u00f4t que de retrait<\/h3>\n\n\n\n<p>Dans un march\u00e9 r\u00e9cemment secou\u00e9 par des demandes massives de rachats, une partie des investisseurs ne cherche pas \u00e0 sortir du cr\u00e9dit priv\u00e9, mais \u00e0 exploiter des inefficiences de valorisation.<\/p>\n\n\n\n<p>Le principe est simple : vendre un actif valoris\u00e9 \u00e0 son prix th\u00e9orique (souvent bas\u00e9 sur une estimation interne) pour en acqu\u00e9rir un similaire sur le march\u00e9 public \u00e0 un prix d\u00e9cot\u00e9. Cette strat\u00e9gie d\u2019arbitrage repose sur l\u2019\u00e9cart entre la valeur nette d\u2019actif (NAV) d\u00e9clar\u00e9e et le prix de march\u00e9 r\u00e9el.<\/p>\n\n\n\n<p>Autrement dit, il ne s\u2019agit pas de r\u00e9duire l\u2019exposition au cr\u00e9dit, mais de l\u2019optimiser.<\/p>\n\n\n\n<h3 class=\"wp-block-heading\">Deux structures, deux logiques de prix<\/h3>\n\n\n\n<p>Le march\u00e9 des Business Development Companies (BDC) illustre parfaitement cette divergence structurelle.<\/p>\n\n\n\n<p>D\u2019un c\u00f4t\u00e9, les BDC non cot\u00e9es :<\/p>\n\n\n\n<ul class=\"wp-block-list\">\n<li>valoris\u00e9es p\u00e9riodiquement (souvent trimestriellement)<\/li>\n\n\n\n<li>bas\u00e9es sur des mod\u00e8les internes et des expertises externes<\/li>\n\n\n\n<li>avec une liquidit\u00e9 limit\u00e9e et encadr\u00e9e<\/li>\n<\/ul>\n\n\n\n<p>De l\u2019autre, les BDC cot\u00e9es :<\/p>\n\n\n\n<ul class=\"wp-block-list\">\n<li>\u00e9chang\u00e9es en continu sur les march\u00e9s<\/li>\n\n\n\n<li>soumises \u00e0 l\u2019offre et la demande<\/li>\n\n\n\n<li>int\u00e9grant imm\u00e9diatement le sentiment des investisseurs<\/li>\n<\/ul>\n\n\n\n<p>Cette diff\u00e9rence cr\u00e9e m\u00e9caniquement des \u00e9carts de valorisation. Lorsque le sentiment se d\u00e9t\u00e9riore, les BDC cot\u00e9es peuvent se n\u00e9gocier avec une d\u00e9cote significative, alors que les BDC non cot\u00e9es maintiennent une valorisation plus stable\u2026 mais potentiellement d\u00e9connect\u00e9e du march\u00e9.<\/p>\n\n\n\n<h3 class=\"wp-block-heading\">La question centrale : la fiabilit\u00e9 des valorisations<\/h3>\n\n\n\n<p>Au c\u0153ur du ph\u00e9nom\u00e8ne se trouve une interrogation fondamentale : la valeur nette d\u00e9clar\u00e9e refl\u00e8te-t-elle r\u00e9ellement la qualit\u00e9 des actifs ?<\/p>\n\n\n\n<p>Dans le cr\u00e9dit priv\u00e9, les pr\u00eats ne sont pas liquides et ne font pas l\u2019objet de transactions fr\u00e9quentes. Leur valorisation repose donc sur des mod\u00e8les, des hypoth\u00e8ses et des comparables, ce qui introduit une part in\u00e9vitable de subjectivit\u00e9.<\/p>\n\n\n\n<p>Lorsque les march\u00e9s deviennent plus prudents, les investisseurs peuvent anticiper que ces valorisations sont trop optimistes d\u2019o\u00f9 la d\u00e9cote observ\u00e9e sur les v\u00e9hicules cot\u00e9s.<\/p>\n\n\n\n<h3 class=\"wp-block-heading\">Le r\u00f4le d\u00e9terminant de la liquidit\u00e9<\/h3>\n\n\n\n<p>La diff\u00e9rence de comportement entre fonds cot\u00e9s et non cot\u00e9s tient en grande partie \u00e0 leur structure de liquidit\u00e9. Les fonds cot\u00e9s permettent une sortie imm\u00e9diate, ce qui les rend sensibles aux mouvements de panique ou d\u2019opportunit\u00e9.<\/p>\n\n\n\n<p>\u00c0 l\u2019inverse, les fonds non cot\u00e9s imposent des fen\u00eatres de sortie et des limites de rachat (souvent autour de 5 % par trimestre). Cette contrainte cr\u00e9e une illusion de stabilit\u00e9\u2026 jusqu\u2019\u00e0 ce que la demande de liquidit\u00e9 d\u00e9passe les capacit\u00e9s du fonds.<\/p>\n\n\n\n<p>Dans ce cas, les gestionnaires doivent arbitrer : soit limiter les retraits, soit vendre des actifs souvent les plus liquides et de meilleure qualit\u00e9 ce qui peut d\u00e9grader la qualit\u00e9 r\u00e9siduelle du portefeuille.<\/p>\n\n\n\n<h3 class=\"wp-block-heading\">Un dilemme strat\u00e9gique pour les investisseurs<\/h3>\n\n\n\n<p>Cette situation cr\u00e9e une dynamique proche d\u2019un dilemme de coordination.<\/p>\n\n\n\n<p>Si tous les investisseurs restent investis, le fonds peut fonctionner normalement. Mais si une proportion importante demande \u00e0 sortir, rester investi devient potentiellement p\u00e9nalisant.<\/p>\n\n\n\n<p>Ce ph\u00e9nom\u00e8ne, proche d\u2019un \u00ab dilemme du prisonnier \u00bb, incite certains investisseurs \u00e0 anticiper les comportements des autres plut\u00f4t qu\u2019\u00e0 se baser uniquement sur les fondamentaux.<\/p>\n\n\n\n<h3 class=\"wp-block-heading\">Une opportunit\u00e9\u2026 sous conditions<\/h3>\n\n\n\n<p>Pour certains acteurs sophistiqu\u00e9s, cette dislocation du march\u00e9 repr\u00e9sente une opportunit\u00e9 :<\/p>\n\n\n\n<ul class=\"wp-block-list\">\n<li>acheter des actifs similaires \u00e0 prix d\u00e9cot\u00e9<\/li>\n\n\n\n<li>b\u00e9n\u00e9ficier d\u2019un potentiel de revalorisation<\/li>\n\n\n\n<li>maintenir une exposition au cr\u00e9dit avec un meilleur point d\u2019entr\u00e9e<\/li>\n<\/ul>\n\n\n\n<p>Cependant, cette strat\u00e9gie suppose :<\/p>\n\n\n\n<ul class=\"wp-block-list\">\n<li>une forte capacit\u00e9 d\u2019analyse comparative des portefeuilles<\/li>\n\n\n\n<li>une compr\u00e9hension des structures de fonds<\/li>\n\n\n\n<li>une tol\u00e9rance au risque de liquidit\u00e9 et de valorisation<\/li>\n<\/ul>\n\n\n\n<h3 class=\"wp-block-heading\">Le r\u00f4le des gestionnaires : protection vs perception<\/h3>\n\n\n\n<p>Face aux pressions de rachat, certains grands gestionnaires comme BlackRock ou Apollo Global Management ont activ\u00e9 des m\u00e9canismes de limitation des retraits.<\/p>\n\n\n\n<figure class=\"wp-block-image size-full\"><img loading=\"lazy\" decoding=\"async\" width=\"700\" height=\"394\" src=\"https:\/\/www.api.parlonsfinance.fr\/wp-content\/uploads\/2026\/01\/https___d1e00ek4ebabms.cloudfront.net_production_c16ca6db-06b7-4062-a196-1e49ff4453d1.avif\" alt=\"\" class=\"wp-image-10449\" srcset=\"https:\/\/www.api.parlonsfinance.fr\/wp-content\/uploads\/2026\/01\/https___d1e00ek4ebabms.cloudfront.net_production_c16ca6db-06b7-4062-a196-1e49ff4453d1.avif 700w, https:\/\/www.api.parlonsfinance.fr\/wp-content\/uploads\/2026\/01\/https___d1e00ek4ebabms.cloudfront.net_production_c16ca6db-06b7-4062-a196-1e49ff4453d1-300x169.avif 300w\" sizes=\"auto, (max-width: 700px) 100vw, 700px\" \/><\/figure>\n\n\n\n<p>Leur objectif est de prot\u00e9ger les investisseurs en \u00e9vitant des ventes forc\u00e9es d\u2019actifs dans de mauvaises conditions.<\/p>\n\n\n\n<p>Mais cette d\u00e9cision peut aussi avoir un effet paradoxal car elle peut renforcer l\u2019inqui\u00e9tude des investisseurs en signalant une contrainte de liquidit\u00e9.<\/p>\n\n\n\n<h3 class=\"wp-block-heading\">Une lecture probabiliste du march\u00e9 du cr\u00e9dit priv\u00e9<\/h3>\n\n\n\n<p>Comme dans l\u2019investissement en startups, la performance dans le cr\u00e9dit priv\u00e9 ne repose pas sur des certitudes, mais sur une gestion des sc\u00e9narios.<\/p>\n\n\n\n<p>Les investisseurs doivent int\u00e9grer plusieurs dimensions :<\/p>\n\n\n\n<ul class=\"wp-block-list\">\n<li>qualit\u00e9 r\u00e9elle des actifs sous-jacents<\/li>\n\n\n\n<li>cr\u00e9dibilit\u00e9 des valorisations<\/li>\n\n\n\n<li>structure de liquidit\u00e9<\/li>\n\n\n\n<li>comportement anticip\u00e9 des autres acteurs<\/li>\n<\/ul>\n\n\n\n<p>L\u2019enjeu n\u2019est pas seulement de choisir les bons actifs, mais de comprendre dans quel cadre ils sont d\u00e9tenus et \u00e9chang\u00e9s.<\/p>\n\n\n\n<h3 class=\"wp-block-heading\">Conclusion : la structure prime sur l\u2019apparence<\/h3>\n\n\n\n<p>Ce que r\u00e9v\u00e8le cet \u00e9pisode, ce n\u2019est pas une crise uniforme du cr\u00e9dit priv\u00e9, mais une divergence entre valeur per\u00e7ue et valeur tradable.<\/p>\n\n\n\n<p>Les investisseurs les plus avertis ne cherchent pas simplement \u00e0 \u00e9viter le risque. Ils exploitent les \u00e9carts cr\u00e9\u00e9s par les contraintes structurelles du march\u00e9.<\/p>\n\n\n\n<p>Dans cet univers, la performance ne d\u00e9pend pas uniquement de la qualit\u00e9 du cr\u00e9dit, mais de la capacit\u00e9 \u00e0 naviguer entre valorisation, liquidit\u00e9 et comportement collectif.<\/p>\n\n\n\n<p>Autrement dit : ce n\u2019est pas seulement ce que vous d\u00e9tenez qui compte, mais o\u00f9 et comment vous le d\u00e9tenez.<\/p>\n","protected":false},"excerpt":{"rendered":"<p>\u00ab Tirer profit des dynamiques du cr\u00e9dit priv\u00e9 ne repose pas uniquement sur l\u2019\u00e9volution des march\u00e9s, mais sur la compr\u00e9hension fine des m\u00e9canismes de valorisation et de liquidit\u00e9. \u00bb Contrairement \u00e0 une lecture simpliste o\u00f9 les mouvements de capitaux seraient uniquement dict\u00e9s par la peur ou la confiance, les flux observ\u00e9s dans le cr\u00e9dit priv\u00e9 [&hellip;]<\/p>\n","protected":false},"author":22,"featured_media":10509,"comment_status":"open","ping_status":"open","sticky":false,"template":"","format":"standard","meta":{"_acf_changed":false,"footnotes":""},"categories":[13,3,793],"tags":[10,7,5,23,109],"class_list":["post-10837","post","type-post","status-publish","format-standard","has-post-thumbnail","hentry","category-banque-finance","category-bourse","category-highlighted","tag-bourse","tag-business","tag-finance","tag-investissement","tag-trading"],"acf":[],"aioseo_notices":[],"_links":{"self":[{"href":"https:\/\/www.api.parlonsfinance.fr\/index.php\/wp-json\/wp\/v2\/posts\/10837","targetHints":{"allow":["GET"]}}],"collection":[{"href":"https:\/\/www.api.parlonsfinance.fr\/index.php\/wp-json\/wp\/v2\/posts"}],"about":[{"href":"https:\/\/www.api.parlonsfinance.fr\/index.php\/wp-json\/wp\/v2\/types\/post"}],"author":[{"embeddable":true,"href":"https:\/\/www.api.parlonsfinance.fr\/index.php\/wp-json\/wp\/v2\/users\/22"}],"replies":[{"embeddable":true,"href":"https:\/\/www.api.parlonsfinance.fr\/index.php\/wp-json\/wp\/v2\/comments?post=10837"}],"version-history":[{"count":4,"href":"https:\/\/www.api.parlonsfinance.fr\/index.php\/wp-json\/wp\/v2\/posts\/10837\/revisions"}],"predecessor-version":[{"id":10843,"href":"https:\/\/www.api.parlonsfinance.fr\/index.php\/wp-json\/wp\/v2\/posts\/10837\/revisions\/10843"}],"wp:featuredmedia":[{"embeddable":true,"href":"https:\/\/www.api.parlonsfinance.fr\/index.php\/wp-json\/wp\/v2\/media\/10509"}],"wp:attachment":[{"href":"https:\/\/www.api.parlonsfinance.fr\/index.php\/wp-json\/wp\/v2\/media?parent=10837"}],"wp:term":[{"taxonomy":"category","embeddable":true,"href":"https:\/\/www.api.parlonsfinance.fr\/index.php\/wp-json\/wp\/v2\/categories?post=10837"},{"taxonomy":"post_tag","embeddable":true,"href":"https:\/\/www.api.parlonsfinance.fr\/index.php\/wp-json\/wp\/v2\/tags?post=10837"}],"curies":[{"name":"wp","href":"https:\/\/api.w.org\/{rel}","templated":true}]}}