{"id":2994,"date":"2022-11-12T13:44:00","date_gmt":"2022-11-12T12:44:00","guid":{"rendered":"https:\/\/www.api.parlonsfinance.fr\/?p=2994"},"modified":"2023-02-19T17:36:35","modified_gmt":"2023-02-19T16:36:35","slug":"success-story-la-pepite-liegeoise-lasea-brille-a-linternational","status":"publish","type":"post","link":"https:\/\/www.api.parlonsfinance.fr\/index.php\/2022\/11\/12\/success-story-la-pepite-liegeoise-lasea-brille-a-linternational\/","title":{"rendered":"Success story : la p\u00e9pite li\u00e9geoise LASEA brille \u00e0 l&rsquo;international !"},"content":{"rendered":"\n<p><strong>Fond\u00e9e en 1999 par Axel Kupisiewicz, l&rsquo;entreprise LASEA est un v\u00e9ritable&nbsp;fleuron li\u00e9geois : depuis plus de 20 ans, elle con\u00e7oit des machines laser de haute pr\u00e9cision en Belgique pour des clients aux quatre coins du monde, dans le secteur de la sant\u00e9, du&nbsp;luxe ou encore de l&rsquo;\u00e9lectronique. Cette ann\u00e9e \u00e9tant celle de tous les records, LASEA a acc\u00e9l\u00e9r\u00e9&nbsp;son d\u00e9veloppement avec de nouvelles&nbsp;antennes, renfor\u00e7ant&nbsp;sa pr\u00e9sence&nbsp;en France, en Suisse et aux \u00c9tats-Unis, mais aussi une lev\u00e9e de fonds de 10 millions d&rsquo;euros, boucl\u00e9e en mars dernier.<\/strong><\/p>\n\n\n\n<p>C&rsquo;est \u00e0 Seraing, en r\u00e9gion li\u00e9geoise, que LASEA a entam\u00e9&nbsp;ses activit\u00e9s il y a plus de 20 ans. Depuis lors, le fondateur et CEO de la soci\u00e9t\u00e9, Axel Kupisiewicz, polit ce diamant et porte haut&nbsp;les couleurs belges, entour\u00e9 de ses 160 collaborateurs. Et pour cause !&nbsp;Parmi ses clients, la p\u00e9pite li\u00e9geois&nbsp;compte&nbsp;<strong>2 GAFA<\/strong>&nbsp;et&nbsp;<strong>4&nbsp;des 5&nbsp;plus grands horlogers au monde<\/strong>.&nbsp;Ceux-ci ont fait appel \u00e0 l&rsquo;expertise de LASEA dans la conception et fabrication de machines \u00e0 laser de tr\u00e8s haute pr\u00e9cision. Une pr\u00e9cision aux ordres de grandeur jusqu&rsquo;\u00e0 250 fois plus petits que le diam\u00e8tre d&rsquo;un cheveu.<\/p>\n\n\n\n<p class=\"has-text-align-center\"><img decoding=\"async\" width=\"599.9999389648438\" src=\"https:\/\/ci5.googleusercontent.com\/proxy\/TVsO759yrr9Pt71L18eoTasaC-wRgj5cq8C7T4_dArbpOTz9mk-MN4SIJ5Af-csAwbRSEcagyDicXGn-OSoxNZxWC77XnlWJ0rZLmzwk7shpjWvFheP2Amf3rJQLQBdslaKaDjEyICA3Ss34GFk-HrEW8FGjhw=s0-d-e1-ft#https:\/\/mcusercontent.com\/ab801dab85238e2a3b4e70267\/images\/e1100aea-b169-e54b-7e6a-046b734cf795.jpg\" alt=\"\"><\/p>\n\n\n\n<p><strong>De Li\u00e8ge&nbsp;\u00e0 la Silicon Valley&nbsp;<\/strong><br><\/p>\n\n\n\n<p>De soci\u00e9t\u00e9 unipersonnelle&nbsp;au d\u00e9but des ann\u00e9es 2000 \u00e0 la PME \u00e0 succ\u00e8s qu&rsquo;elle est aujourd&rsquo;hui,&nbsp;LASEA a fait du chemin. Alors qu&rsquo;elle n&#8217;emploie qu&rsquo;une dizaine de personnes en 2011, l&rsquo;entreprise entame une croissance exponentielle pour grimper \u00e0 plus de&nbsp;<strong>160 employ\u00e9s en 2022<\/strong>. Entretemps, le&nbsp;<strong>chiffre d&rsquo;affaires a \u00e9t\u00e9 multipli\u00e9 par 16<\/strong>&nbsp;! Pour accompagner ce d\u00e9veloppement,&nbsp;la soci\u00e9t\u00e9 a donc d\u00fb doubler son personnel et ses infrastructures tous les 3 ans.<\/p>\n\n\n\n<p>Ces derni\u00e8res ann\u00e9es, LASEA a fait en sorte de d\u00e9ployer ses machines sur les cinq continents&nbsp;en rachetant d&rsquo;autres acteurs majeurs du secteur. En 2020, l&rsquo;entreprise li\u00e9geoise a fait l&rsquo;acquisition d&rsquo;OPTEC, l&rsquo;un des leaders historiques des machines laser de micro-usinage. Ce rapprochement lui a alors permis de b\u00e9n\u00e9ficier de deux nouvelles antennes :&nbsp;<strong>Mons<\/strong>&nbsp;et&#8230;&nbsp;<strong>San Diego&nbsp;<\/strong>&nbsp;! Le groupe peut ainsi r\u00e9pondre mieux encore \u00e0 la demande, venant notamment&nbsp;du&nbsp;<strong>Japon<\/strong>&nbsp;et des&nbsp;<strong>\u00c9tats-Unis<\/strong>, pionniers technologiques mondiaux.<\/p>\n\n\n\n<p>Plus r\u00e9cemment, en&nbsp;<strong>septembre 2022, LASEA a rachet\u00e9 LASER CHEVAL<\/strong>, num\u00e9ro 1&nbsp;fran\u00e7ais du laser industriel.&nbsp;Poursuivant sa dynamique de croissance, LASEA consolide ainsi sa position forte en&nbsp;<strong>France<\/strong>&nbsp;et en&nbsp;<strong>Suisse&nbsp;<\/strong>&nbsp;et \u00e9tend son offre dans les applications de soudage et de marquage.<\/p>\n\n\n\n<p class=\"has-text-align-center\"><img decoding=\"async\" width=\"599.9999389648438\" src=\"https:\/\/ci3.googleusercontent.com\/proxy\/ADNeOM7l8cXNnjfDkaSChQPHzPEMnWPfVXqFAQ0pkAt53Aal9SIBDFNzlzId569ITfZPIufnMDV_ymI5UpNITn6iTC5O0cEQii2TiBAufdeR57YAU0h6Kc_FHgwGanTkOwnYZmQslEGbe21TUtnX_36Xtwt2AQ=s0-d-e1-ft#https:\/\/mcusercontent.com\/ab801dab85238e2a3b4e70267\/images\/7f14a9ba-3dde-fe93-94b2-33c35040fc6d.jpg\" alt=\"\"><\/p>\n\n\n\n<p><strong>Lev\u00e9e de fonds de 10 millions d&rsquo;euros !<\/strong><\/p>\n\n\n\n<p>Le groupe&nbsp;conna\u00eet donc une croissance hors norme, en particulier depuis 2010.&nbsp;<strong>Chaque ann\u00e9e, le chiffre d&rsquo;affaires augmente de 30 %<\/strong>, une exception dans le domaine du hardware. Cette ann\u00e9e se termine par ailleurs avec un carnet de commandes deux fois et demi plus important que l\u2019ann\u00e9e pr\u00e9c\u00e9dente.<\/p>\n\n\n\n<p>C&rsquo;est pourquoi, d\u00e9but 2022,&nbsp;LASEA a fait entrer le fonds de&nbsp;<em>private equity<\/em>&nbsp;bruxellois&nbsp;<strong>M80<\/strong>, qui a inject\u00e9&nbsp;<strong>10 millions d&rsquo;euros pour acc\u00e9l\u00e9rer la croissance<\/strong>. Les actionnaires&nbsp;existants,&nbsp;la SRIW, Noshaq et Epim\u00e8de, sont rest\u00e9s \u00e0 bord et le fondateur,&nbsp;<strong>Axel Kupisiewicz<\/strong>,&nbsp;a conserv\u00e9&nbsp;la plus grosse part du capital. Aujourd&rsquo;hui,&nbsp;<strong>la&nbsp;moiti\u00e9 du personnel d\u00e9tient \u00e9galement des parts dans l&rsquo;entreprise<\/strong>.<\/p>\n\n\n\n<div class=\"wp-block-buttons alignfull is-horizontal is-content-justification-center is-layout-flex wp-container-core-buttons-is-layout-ddb39544 wp-block-buttons-is-layout-flex\">\n<div class=\"wp-block-button aligncenter has-custom-width wp-block-button__width-50 is-style-fill\"><a class=\"wp-block-button__link has-white-color has-text-color has-background wp-element-button\" href=\"https:\/\/managerdelannee.be\/\" style=\"border-radius:100px;background:linear-gradient(0deg,rgb(2,3,129) 0%,rgb(40,116,252) 100%)\" target=\"_blank\" rel=\"noreferrer noopener\">Votez pour Axel en tant que Manager de l&rsquo;ann\u00e9e<\/a><\/div>\n<\/div>\n","protected":false},"excerpt":{"rendered":"<p>Fond\u00e9e en 1999 par Axel Kupisiewicz, l&rsquo;entreprise LASEA est un v\u00e9ritable&nbsp;fleuron li\u00e9geois : depuis plus de 20 ans, elle con\u00e7oit des machines laser de haute pr\u00e9cision en Belgique pour des clients aux quatre coins du monde, dans le secteur de la sant\u00e9, du&nbsp;luxe ou encore de l&rsquo;\u00e9lectronique. Cette ann\u00e9e \u00e9tant celle de tous les records, [&hellip;]<\/p>\n","protected":false},"author":3,"featured_media":3001,"comment_status":"open","ping_status":"open","sticky":false,"template":"","format":"standard","meta":{"_acf_changed":false,"footnotes":""},"categories":[29,628],"tags":[],"class_list":["post-2994","post","type-post","status-publish","format-standard","has-post-thumbnail","hentry","category-entreprises","category-sucess-story"],"acf":[],"aioseo_notices":[],"_links":{"self":[{"href":"https:\/\/www.api.parlonsfinance.fr\/index.php\/wp-json\/wp\/v2\/posts\/2994","targetHints":{"allow":["GET"]}}],"collection":[{"href":"https:\/\/www.api.parlonsfinance.fr\/index.php\/wp-json\/wp\/v2\/posts"}],"about":[{"href":"https:\/\/www.api.parlonsfinance.fr\/index.php\/wp-json\/wp\/v2\/types\/post"}],"author":[{"embeddable":true,"href":"https:\/\/www.api.parlonsfinance.fr\/index.php\/wp-json\/wp\/v2\/users\/3"}],"replies":[{"embeddable":true,"href":"https:\/\/www.api.parlonsfinance.fr\/index.php\/wp-json\/wp\/v2\/comments?post=2994"}],"version-history":[{"count":10,"href":"https:\/\/www.api.parlonsfinance.fr\/index.php\/wp-json\/wp\/v2\/posts\/2994\/revisions"}],"predecessor-version":[{"id":3070,"href":"https:\/\/www.api.parlonsfinance.fr\/index.php\/wp-json\/wp\/v2\/posts\/2994\/revisions\/3070"}],"wp:featuredmedia":[{"embeddable":true,"href":"https:\/\/www.api.parlonsfinance.fr\/index.php\/wp-json\/wp\/v2\/media\/3001"}],"wp:attachment":[{"href":"https:\/\/www.api.parlonsfinance.fr\/index.php\/wp-json\/wp\/v2\/media?parent=2994"}],"wp:term":[{"taxonomy":"category","embeddable":true,"href":"https:\/\/www.api.parlonsfinance.fr\/index.php\/wp-json\/wp\/v2\/categories?post=2994"},{"taxonomy":"post_tag","embeddable":true,"href":"https:\/\/www.api.parlonsfinance.fr\/index.php\/wp-json\/wp\/v2\/tags?post=2994"}],"curies":[{"name":"wp","href":"https:\/\/api.w.org\/{rel}","templated":true}]}}