{"id":3169,"date":"2023-07-04T09:47:27","date_gmt":"2023-07-04T07:47:27","guid":{"rendered":"https:\/\/www.api.parlonsfinance.fr\/?p=3169"},"modified":"2023-07-04T12:14:33","modified_gmt":"2023-07-04T10:14:33","slug":"leila-maidane-du-monde-de-la-finance-a-lunivers-de-la-tech-un-parcours-atypique-qui-inspire","status":"publish","type":"post","link":"https:\/\/www.api.parlonsfinance.fr\/index.php\/2023\/07\/04\/leila-maidane-du-monde-de-la-finance-a-lunivers-de-la-tech-un-parcours-atypique-qui-inspire\/","title":{"rendered":"Le\u00efla Maidane : Du monde de la finance \u00e0 l&rsquo;univers de la tech, un parcours atypique qui inspire !"},"content":{"rendered":"\n<h2 class=\"wp-block-heading\"><strong>Pour commencer cette s\u00e9rie de pr\u00e9sentations d\u2019entrepreneurs \u00e0 succ\u00e8s, nous avons l\u2019honneur et la joie immense d\u2019avoir rencontr\u00e9 Le\u00efla Maidane. Jeune et pleine de vitalit\u00e9, elle nous raconte son parcours, de la finance \u00e0 la Tech !<\/strong><\/h2>\n\n\n\n<h4 class=\"wp-block-heading\"><strong>Des d\u00e9buts en qu\u00eate de sens<\/strong><\/h4>\n\n\n\n<p>En 2010, elle se lance dans des \u00e9tudes d\u2019ing\u00e9nieure commerciale \u00e0 la Solvay Business School. Apr\u00e8s quelques mois, elle r\u00e9alise rapidement que leur m\u00e9thode d\u2019apprentissage ne lui correspond pas et d\u00e9cide alors de quitter la Belgique pour poser ses valises \u00e0 Londres ! Elle s\u2019inscrit \u00e0 la London Metropolitan Business School pour suivre un bachelier en Business International &amp; Finance. <\/p>\n\n\n\n<p>A son arriv\u00e9e dans la ville, elle trouve rapidement un travail en tant que serveuse dans un bar \u00e0 desserts pendant la journ\u00e9e, puis le soir dans un \u00ab private dining \u00bb o\u00f9 se retrouvent des personnes influentes dans le monde des affaires. Apr\u00e8s quelques mois et afin de gagner un revenu plus convenable dans une ville consid\u00e9r\u00e9e comme l\u2019une des plus ch\u00e8res o\u00f9 vivre, elle propose ses services en tant qu\u2019assistante comptable ce qui lui permettra de l\u00e2cher le job dans le bar \u00e0 desserts et lancer des projets comme des \u00e9v\u00e9nements \u201copen mic\u201d dans son universit\u00e9, ou encore \u201cUrban Show\u201d qui propose des services de Marketing Digital pour les artistes musicaux \u00e9mergents.<\/p>\n\n\n\n<p>Une fois dipl\u00f4m\u00e9e, elle d\u00e9cide de rentrer en Belgique et entame une carri\u00e8re en tant que recruteuse dans le domaine informatique, puis en tant que consultante en transformation digitale. Apr\u00e8s 5 ann\u00e9es en tant que salari\u00e9e \u00e0 travailler sur des projets d\u2019ampleur internationale, elle s\u2019ennuie et d\u00e9cide d\u2019explorer une autre voie que celle de la consultance, sans r\u00e9ellement savoir vers o\u00f9 cette qu\u00eate la m\u00e8nera. <\/p>\n\n\n\n<p>Elle choisit alors de retourner au Maroc, son pays d\u2019origine, pour s\u2019impr\u00e9gner et visiter le sud. C\u2019est l\u00e0-bas qu\u2019elle rencontre une communaut\u00e9 de femmes d\u00e9sireuses de d\u00e9velopper une coop\u00e9rative pour subvenir aux besoins de leur famille, mais qui manquent de moyens et d\u2019outils.<\/p>\n\n\n\n<h4 class=\"wp-block-heading\"><strong>La cr\u00e9ation de l\u2019ASBL Femmes Fi\u00e8res<\/strong><\/h4>\n\n\n\n<p>Ce voyage lui donne l\u2019id\u00e9e de prendre les devants en contactant des entreprises en Belgique, de collecter des fonds et de lancer un projet d\u2019apiculture et de tapis berb\u00e8res avec des partenaires locaux. Il s\u2019agit d\u2019un projet social qui confirme sa volont\u00e9 de s\u2019y investir davantage. Ce projet lui permettra notamment de mettre son expertise digitale au service des femmes qu\u2019elle soutient \u00e0 travers son ASBL. Femmes Fi\u00e8res prend petit \u00e0 petit de l\u2019ampleur et se positionne dans l\u2019\u00e9cosyst\u00e8me entrepreneurial bruxellois en 2019 comme leader dans la formation aux outils digitaux pour les femmes entrepreneures. <\/p>\n\n\n\n<p>La mission de Le\u00efla \u00e0 travers Femmes Fi\u00e8res ? Acc\u00e9l\u00e9rer la croissance des entreprises lanc\u00e9es par les femmes gr\u00e2ce \u00e0 la technologie. L\u2019innovation se trouvant au c\u0153ur de son ADN, Le\u00efla d\u00e9cide notamment de lancer le 1er festival bruxellois pour sensibiliser les jeunes entrepreneurs aux technologies, le #SoShe Festival, afin de faire de Bruxelles la capitale de l\u2019entrepreneuriat innovant. Pour sa 2\u00e8me \u00e9dition en D\u00e9cembre 2022, le festival a accueilli +\/- 600 personnes.\u00a0<\/p>\n\n\n\n<h4 class=\"wp-block-heading\"><strong>La rencontre avec Ibrahim Ouassari, fondateur de MolenGeek<\/strong><\/h4>\n\n\n\n<p>Quelques ann\u00e9es plus tard, elle rencontre Ibrahim Ouassari, connu pour le d\u00e9veloppement de MolenGeek dont le succ\u00e8s est rapidement devenu international comptant sur le soutien des g\u00e9ants du num\u00e9rique tel que Microsoft ou encore Google. Ensemble, elle poursuit un chemin enrichissant en tant que change manager puis comme responsable des op\u00e9rations de l\u2019ASBL et lui permet de se structurer pour progresser.<\/p>\n\n\n\n<h4 class=\"wp-block-heading\"><strong>Avec BeGreator, Leila s\u2019attaque au sexisme et \u00e0 la discrimination \u00e0 l\u2019emploi<\/strong><\/h4>\n\n\n\n<p>Aujourd\u2019hui, Leila peut se vanter d\u2019\u00eatre devenue plus sage et forte gr\u00e2ce \u00e0 toutes ses exp\u00e9riences pass\u00e9es. Avec 7.000\u20ac mis de c\u00f4t\u00e9, elle d\u00e9cide de lancer BeGreator, une start-up technologique qui vise \u00e0 accro\u00eetre la visibilit\u00e9 des jeunes talents ayant un parcours acad\u00e9mique non traditionnel au cours du processus d&#8217;embauche, afin d&rsquo;offrir \u00e0 ces personnes davantage d&rsquo;opportunit\u00e9s de montrer leur potentiel et d&rsquo;attirer les employeurs.<\/p>\n\n\n\n<p>Afin de d\u00e9marrer la phase de R&amp;D, elle l\u00e8ve des fonds aupr\u00e8s d\u2019<a href=\"https:\/\/innoviris.brussels\/fr\" target=\"_blank\" rel=\"noopener\" title=\"\">Innoviris<\/a> la premi\u00e8re ann\u00e9e, ce qui lui permettra de mettre sur pied une premi\u00e8re \u00e9bauche de l\u2019application et d\u00e9marrer la prospection client. Elle continuera de lever des fonds en 2022 afin de continuer le d\u00e9veloppement de la plateforme et proposer de nouvelles fonctionnalit\u00e9s. <\/p>\n\n\n\n<p><em>Que propose <a href=\"https:\/\/www.begreator.com\/\" target=\"_blank\" rel=\"noopener\" title=\"\">BeGreator <\/a>concr\u00e8tement ? <\/em><\/p>\n\n\n\n<p>Une plateforme o\u00f9 les talents peuvent passer des tests de comp\u00e9tences, avoir un parcours de formation en lien avec leurs ambitions de carri\u00e8re, d\u00e9velopper leur r\u00e9seau professionnel et \u00eatre contact\u00e9 par des entreprises int\u00e9ress\u00e9es dans leur profil. Elle permet \u00e9galement aux entreprises d\u2019adopter un recrutement plus \u00e9thique et inclusif gr\u00e2ce \u00e0 une approche centr\u00e9e autour des comp\u00e9tences et un suivi sur la diversit\u00e9 de leurs talents.\u00a0<\/p>\n\n\n\n<p>BeGreator peut \u00eatre fi\u00e8re de collaborer avec de grands noms tels que Microsoft, Orange et l\u2019universit\u00e9 d\u2019ing\u00e9nierie ECAM en Belgique.<\/p>\n\n\n\n<h4 class=\"wp-block-heading\"><strong>Un dernier mot pour encourager nos lecteurs qui d\u00e9sirent initier et piloter un projet ?<\/strong><\/h4>\n\n\n\n<blockquote class=\"wp-block-quote is-layout-flow wp-block-quote-is-layout-flow\">\n<p>La premi\u00e8re \u00e9tape en tant qu\u2019entrepreneur est de se demander si on cr\u00e9e un projet parce qu\u2019il correspond \u00e0 nos valeurs et nous donne de l\u2019\u00e9nergie, ou simplement pour avoir la libert\u00e9. Si on n\u2019a pas trouv\u00e9 de sens, peu importe le projet, peu importe le statut et la flexibilit\u00e9, on s\u2019\u00e9puisera rapidement.<\/p>\n<cite>Leila Maidane, CEO de BeGreator<\/cite><\/blockquote>\n\n\n\n<p><em>Nous esp\u00e9rons que cet article vous a plu et nous vous promettons bien d&rsquo;autres belles rencontres avec des entrepreneurs et des acteurs de la finance qui nous inspireront par leurs histoires, aventures et conseils. Notre projet est de partir \u00e0 la rencontre des meilleurs dans leur domaine pour vous offrir un aper\u00e7u unique de leurs parcours, des d\u00e9fis auxquels ils ont \u00e9t\u00e9 confront\u00e9s et des le\u00e7ons qu&rsquo;ils ont apprises en chemin. Restez \u00e0 l&rsquo;aff\u00fbt de nos prochaines publications, car nous avons h\u00e2te de vous partager ces r\u00e9cits captivants qui pourront vous guider et vous motiver dans votre propre parcours entrepreneurial.<\/em><\/p>\n","protected":false},"excerpt":{"rendered":"<p>Pour commencer cette s\u00e9rie de pr\u00e9sentations d\u2019entrepreneurs \u00e0 succ\u00e8s, nous avons l\u2019honneur et la joie immense d\u2019avoir rencontr\u00e9 Le\u00efla Maidane. Jeune et pleine de vitalit\u00e9, elle nous raconte son parcours, de la finance \u00e0 la Tech ! Des d\u00e9buts en qu\u00eate de sens En 2010, elle se lance dans des \u00e9tudes d\u2019ing\u00e9nieure commerciale \u00e0 la [&hellip;]<\/p>\n","protected":false},"author":3,"featured_media":3176,"comment_status":"open","ping_status":"open","sticky":false,"template":"","format":"standard","meta":{"_acf_changed":false,"footnotes":""},"categories":[29,628],"tags":[7,23,270,8,19],"class_list":["post-3169","post","type-post","status-publish","format-standard","has-post-thumbnail","hentry","category-entreprises","category-sucess-story","tag-business","tag-investissement","tag-projet","tag-startup","tag-tech"],"acf":[],"aioseo_notices":[],"_links":{"self":[{"href":"https:\/\/www.api.parlonsfinance.fr\/index.php\/wp-json\/wp\/v2\/posts\/3169","targetHints":{"allow":["GET"]}}],"collection":[{"href":"https:\/\/www.api.parlonsfinance.fr\/index.php\/wp-json\/wp\/v2\/posts"}],"about":[{"href":"https:\/\/www.api.parlonsfinance.fr\/index.php\/wp-json\/wp\/v2\/types\/post"}],"author":[{"embeddable":true,"href":"https:\/\/www.api.parlonsfinance.fr\/index.php\/wp-json\/wp\/v2\/users\/3"}],"replies":[{"embeddable":true,"href":"https:\/\/www.api.parlonsfinance.fr\/index.php\/wp-json\/wp\/v2\/comments?post=3169"}],"version-history":[{"count":6,"href":"https:\/\/www.api.parlonsfinance.fr\/index.php\/wp-json\/wp\/v2\/posts\/3169\/revisions"}],"predecessor-version":[{"id":3185,"href":"https:\/\/www.api.parlonsfinance.fr\/index.php\/wp-json\/wp\/v2\/posts\/3169\/revisions\/3185"}],"wp:featuredmedia":[{"embeddable":true,"href":"https:\/\/www.api.parlonsfinance.fr\/index.php\/wp-json\/wp\/v2\/media\/3176"}],"wp:attachment":[{"href":"https:\/\/www.api.parlonsfinance.fr\/index.php\/wp-json\/wp\/v2\/media?parent=3169"}],"wp:term":[{"taxonomy":"category","embeddable":true,"href":"https:\/\/www.api.parlonsfinance.fr\/index.php\/wp-json\/wp\/v2\/categories?post=3169"},{"taxonomy":"post_tag","embeddable":true,"href":"https:\/\/www.api.parlonsfinance.fr\/index.php\/wp-json\/wp\/v2\/tags?post=3169"}],"curies":[{"name":"wp","href":"https:\/\/api.w.org\/{rel}","templated":true}]}}