{"id":3269,"date":"2023-11-09T12:22:48","date_gmt":"2023-11-09T11:22:48","guid":{"rendered":"https:\/\/www.api.parlonsfinance.fr\/?p=3269"},"modified":"2023-11-09T13:44:12","modified_gmt":"2023-11-09T12:44:12","slug":"une-discussion-approfondie-avec-maxime-deuse-co-fondateur-de-deuse","status":"publish","type":"post","link":"https:\/\/www.api.parlonsfinance.fr\/index.php\/2023\/11\/09\/une-discussion-approfondie-avec-maxime-deuse-co-fondateur-de-deuse\/","title":{"rendered":"Une Discussion Approfondie avec Maxime Deuse, Co-Fondateur de DEUSE"},"content":{"rendered":"\n<h4 class=\"wp-block-heading\">Dans cette interview, Maxime partage son parcours inspirant et nous plonge dans l&rsquo;histoire fascinante de la cr\u00e9ation de l&rsquo;entreprise <a href=\"https:\/\/www.deuse.be\/fr\/\" title=\"DEUSE\">DEUSE<\/a>, qu&rsquo;il a fond\u00e9e avec son fr\u00e8re jumeau. Ensemble, ils ont d\u00e9j\u00e0 laiss\u00e9 leur empreinte en d\u00e9veloppant des applications de renom, notamment celle du Grand Prix de Spa, et travaillent actuellement sur un projet passionnant en partenariat avec Pairi Daiza. <\/h4>\n\n\n\n<p>Parlons Finance est ravi d&rsquo;aller \u00e0 la rencontre de Maxime Deuse pour d\u00e9couvrir les coulisses de leur succ\u00e8s entrepreneurial et en apprendre davantage sur leur vision unique dans le domaine de la technologie et de l&rsquo;innovation. Cette interview promet d&rsquo;offrir un aper\u00e7u captivant de l&rsquo;univers de DEUSE et de ses r\u00e9alisations exceptionnelles.<\/p>\n\n\n\n<ol class=\"wp-block-list\" style=\"list-style-type:1\">\n<li><strong>Pouvez-vous vous pr\u00e9senter et nous expliquer comment vous \u00eates devenu entrepreneur dans l\u2019IT, le d\u00e9veloppement, etc.? Qu\u2019est-ce qui vous a motiv\u00e9 \u00e0 collaborer plut\u00f4t que d&rsquo;int\u00e9grer de grandes entit\u00e9s d\u00e9j\u00e0 en place?<\/strong><\/li>\n<\/ol>\n\n\n\n<p>Salut, je suis Maxime Deuse, l&rsquo;un des fondateurs de DEUSE, une entreprise sp\u00e9cialis\u00e9e dans les services technologiques fond\u00e9e en 2016. Depuis que nous avons 13 ans, nous \u00e9tions obnubil\u00e9s par le d\u00e9veloppement informatique. Mon fr\u00e8re jumeau et moi avons tous deux \u00e9tudi\u00e9 l&rsquo;ing\u00e9nierie civile \u00e0 l&rsquo;universit\u00e9 de Li\u00e8ge. Julien Deuse s&rsquo;est sp\u00e9cialis\u00e9 dans le \u00ab\u00a0software engineering\u00a0\u00bb via l&rsquo;obtention d&rsquo;un master en ing\u00e9nieur civil en \u00e9lectronique ainsi qu&rsquo;un master en Management \u00e0 la KUL. Pour ma part (Maxime Deuse), je me suis dirig\u00e9 vers un master d&rsquo;ing\u00e9nieur de gestion \u00e0 la HEC Li\u00e8ge avec une sp\u00e9cialisation en \u00ab\u00a0Performance and Control\u00a0\u00bb.<\/p>\n\n\n<div class=\"wp-block-image\">\n<figure class=\"aligncenter size-large is-resized\"><img loading=\"lazy\" decoding=\"async\" width=\"681\" height=\"1024\" src=\"https:\/\/www.api.parlonsfinance.fr\/wp-content\/uploads\/2023\/11\/image-681x1024.png\" alt=\"\" class=\"wp-image-3275\" style=\"aspect-ratio:0.6650041562759768;width:197px;height:auto\" srcset=\"https:\/\/www.api.parlonsfinance.fr\/wp-content\/uploads\/2023\/11\/image-681x1024.png 681w, https:\/\/www.api.parlonsfinance.fr\/wp-content\/uploads\/2023\/11\/image-200x300.png 200w, https:\/\/www.api.parlonsfinance.fr\/wp-content\/uploads\/2023\/11\/image-768x1155.png 768w, https:\/\/www.api.parlonsfinance.fr\/wp-content\/uploads\/2023\/11\/image-585x880.png 585w, https:\/\/www.api.parlonsfinance.fr\/wp-content\/uploads\/2023\/11\/image.png 800w\" sizes=\"auto, (max-width: 681px) 100vw, 681px\" \/><\/figure>\n<\/div>\n\n\n<p>C&rsquo;est \u00e0 ce moment que nous avons d\u00e9cid\u00e9 de nous immiscer dans le monde du d\u00e9veloppement en lan\u00e7ant une plateforme internationale proposant des mangas cor\u00e9ens traduits en anglais qui s&rsquo;est tout de suite impos\u00e9e comme pr\u00e9curseur du Webtoon en Europe. Nous avons rencontr\u00e9s un grand succ\u00e8s avec + de 100.000 lecteurs mensuels et nous avions attir\u00e9 l&rsquo;\u0153il d&rsquo;un entrepreneur de la Silicon Valley qui nous a fait une offre que l&rsquo;on ne pouvait refuser&#8230;<\/p>\n\n\n\n<p>Suite \u00e0 cette aventure enrichissante, nous avons d\u00e9cid\u00e9 de lancer DEUSE, notre objectif \u00e9tait de r\u00e9soudre des probl\u00e8mes informatiques pour des entreprises, qu&rsquo;elles soient grandes ou petites. Nous avons commenc\u00e9 en travaillant sur une vari\u00e9t\u00e9 de projets, du d\u00e9veloppement web \u00e0 la cr\u00e9ation d&rsquo;interfaces et de logiciels. Au fil du temps, notre entreprise a pris de l&rsquo;ampleur, nous avons embauch\u00e9 un premier d\u00e9veloppeur et un gestionnaire de projet pour mieux suivre nos projets. Aujourd&rsquo;hui, notre \u00e9quipe compte 39 collaborateurs. <\/p>\n\n\n\n<ul class=\"wp-block-list\">\n<li><strong>Comment est-ce que vous vous \u00eates attribu\u00e9 les responsabilit\u00e9s ?<\/strong><\/li>\n<\/ul>\n\n\n\n<p>En ce qui concerne la r\u00e9partition des responsabilit\u00e9s, je me concentre sur le marketing et les aspects commerciaux, bien que j&rsquo;aie d\u00fb toucher \u00e0 un peu de tout au d\u00e9but. Mon fr\u00e8re, Julien Deuse, prend en charge l&rsquo;aspect production, c&rsquo;est-\u00e0-dire le d\u00e9veloppement, la gestion des \u00e9quipes et les projets en g\u00e9n\u00e9ral. <\/p>\n\n\n\n<ul class=\"wp-block-list\">\n<li><strong>Quel type de services propose DEUSE ?<\/strong><\/li>\n<\/ul>\n\n\n\n<p>Nos ing\u00e9nieurs confectionnent des outils digitaux sur mesure tels que des applications mobiles, des plateformes web et des logiciels de gestion pour tous types d&rsquo;entreprises. <\/p>\n\n\n\n<p>En gros, nous d\u00e9veloppons des applications adapt\u00e9es aux activit\u00e9s et aux besoins de chacun mais nous pouvons \u00e9galement d\u00e9velopper des plateformes, des logiciels tel que des ERP ou des CRM pour aider dans la gestion d&rsquo;entreprise ou encore des fonctionnalit\u00e9s uniques dans le cadre du commerce \u00e9lectronique.<\/p>\n\n\n\n<ul class=\"wp-block-list\">\n<li><strong>Pouvez-vous partager avec nous certains d\u00e9fis que vous avez rencontr\u00e9s en cr\u00e9ant et dirigeant votre entreprise ? <\/strong><\/li>\n<\/ul>\n\n\n\n<p>Lorsque nous avons lanc\u00e9 notre entreprise, nous avons rencontr\u00e9 plusieurs d\u00e9fis passionnants. L&rsquo;un des premiers \u00e9tait le manque de ressources pour obtenir un espace de bureau professionnel afin d&rsquo;accueillir nos clients et notre \u00e9quipe. Heureusement, nous avons pu adh\u00e9rer \u00e0 un incubateur de start-ups, le <a href=\"https:\/\/www.venturelab.be\/\" title=\"Venture Lab\">Venture Lab<\/a>, l&rsquo;incubateur reli\u00e9 \u00e0 l&rsquo;universit\u00e9 de Li\u00e8ge, qui nous a fourni un espace de travail et un coaching professionnel. Les experts juridiques qui nous ont accompagn\u00e9s nous ont \u00e9t\u00e9 pr\u00e9cieux. <\/p>\n\n\n\n<p>Une fois sortis de l&rsquo;incubateur, nous avons \u00e9t\u00e9 confront\u00e9s \u00e0 l&rsquo;op\u00e9rationnel intensif, ce qui nous a \u00e9loign\u00e9s de la gestion strat\u00e9gique. Nous avons d\u00e9cid\u00e9 d&rsquo;int\u00e9grer un administrateur ind\u00e9pendant pour nous aider \u00e0 fixer des objectifs et \u00e0 d\u00e9finir notre direction. De plus, nous avons internalis\u00e9 la comptabilit\u00e9 pour mieux g\u00e9rer notre croissance rapide. Cette gestion financi\u00e8re interne nous a permis de prendre des d\u00e9cisions \u00e9clair\u00e9es et de surveiller la rentabilit\u00e9 de pr\u00e8s. <\/p>\n\n\n\n<p>Nous avons \u00e9galement d\u00fb repenser notre structure organisationnelle pour accompagner notre croissance future et assurer une r\u00e9tention efficace. Sur les 45 personnes que nous avons embauch\u00e9es depuis le d\u00e9but, 39 sont toujours avec nous. Cela montre que nous avons r\u00e9ussi \u00e0 mettre en place une organisation solide.<\/p>\n\n\n\n<ul class=\"wp-block-list\">\n<li><strong>Comment votre entreprise reste-t-elle au fait des derni\u00e8res tendances technologiques<\/strong> <strong>? <\/strong><\/li>\n<\/ul>\n\n\n\n<p>Pour rester au fait des derni\u00e8res tendances technologiques, il faut savoir d&#8217;embl\u00e9 que nous sommes hyper passionn\u00e9s par le num\u00e9rique et nous mettons en place des projets pilotes en interne pour explorer des domaines tels que la r\u00e9alit\u00e9 virtuelle, la blockchain et l&rsquo;intelligence artificielle. <\/p>\n\n\n\n<p>De plus, notre exp\u00e9rience ant\u00e9rieure avec une startup de bandes dessin\u00e9es num\u00e9riques cor\u00e9ennes nous a expos\u00e9s \u00e0 des concepts technologiques avant-gardistes. Et pour b\u00e9n\u00e9ficier \u00e0 la fois de visibilit\u00e9 et rester inform\u00e9s des derni\u00e8res tendances, nous sponsorisons \u00e9galement des \u00e9v\u00e9nements et des conf\u00e9rences dans lesquelles nous participons activement ou pas.<\/p>\n\n\n\n<ul class=\"wp-block-list\">\n<li><strong>Comment voyez-vous l&rsquo;avenir de l&rsquo;IT et du d\u00e9veloppement d&rsquo;applications pour les PME? Quelles innovations ou \u00e9volutions majeures pr\u00e9voyez-vous ?<\/strong><\/li>\n<\/ul>\n\n\n\n<p>En ce qui concerne l&rsquo;avenir de l&rsquo;IT et du d\u00e9veloppement d&rsquo;applications pour les PME, je pense que la personnalisation des solutions est essentielle. Il existe un avantage concurrentiel \u00e0 int\u00e9grer des processus sp\u00e9cifiques plut\u00f4t que d&rsquo;adopter un ERP standardis\u00e9.<\/p>\n\n\n\n<ul class=\"wp-block-list\">\n<li><strong>Pouvez-vous donner quelques chiffres cl\u00e9s sur la croissance de l\u2019entreprise ? Quels sont vos objectifs d\u2019ici 5 ans et vos perspectives \u00e9conomiques ?<\/strong><\/li>\n<\/ul>\n\n\n\n<p>En ce qui concerne nos finances, l&rsquo;ann\u00e9e derni\u00e8re, nous avons r\u00e9alis\u00e9 un chiffre d&rsquo;affaires de 2 millions d&rsquo;euros, et nous pr\u00e9voyons d&rsquo;atteindre 3 millions d&rsquo;euros cette ann\u00e9e. <\/p>\n\n\n\n<p>Notre mod\u00e8le de croissance consiste \u00e0 doubler notre taille tous les deux ans, et nous nous concentrons sur des projets intellectuellement stimulants plut\u00f4t que sur la pure rentabilit\u00e9.<\/p>\n\n\n\n<ul class=\"wp-block-list\">\n<li><strong>Comment recrutez-vous des talents&nbsp;?<\/strong><\/li>\n<\/ul>\n\n\n\n<p>Le recrutement de talents est essentiel pour notre entreprise. Notre bonne r\u00e9putation personnelle nous a beaucoup aid\u00e9s, et nous avons constat\u00e9 que nous n&rsquo;avions pas trop de difficult\u00e9s \u00e0 trouver de nouveaux collaborateurs, que ce soit \u00e0 Hasselt, Li\u00e8ge, ou Bruxelles. <\/p>\n\n\n\n<p>Nous disposons d&rsquo;un pool d&rsquo;acquisition de talents bien r\u00e9parti. Toutefois, nous avons remarqu\u00e9 une p\u00e9nurie de talents \u00e0 Bruxelles. Notre image de marque est un atout, et nous avons une philosophie de formation sur le tas, ainsi que des avantages comme des journ\u00e9es de team building. <\/p>\n\n\n\n<p>Cependant, nous avons constat\u00e9 que le t\u00e9l\u00e9travail \u00e0 temps partiel peut \u00eatre un d\u00e9fi pour maintenir les talents que nous attirons, car, selon moi, il peut affecter l&rsquo;esprit d&rsquo;\u00e9quipe et la coh\u00e9sion dans l&rsquo;\u00e9quipe. De plus, il peut nuire au bon management des projets, r\u00e9duire la rentabilit\u00e9 et ralentir le d\u00e9veloppement sachant que nous ne sommes pas une entreprise de consulting mais d&rsquo;experts pour lesquels le r\u00e9sultat se compte par projet.<\/p>\n\n\n\n<ul class=\"wp-block-list\">\n<li><strong>Quels conseils donneriez-vous aux entrepreneurs et aux dirigeants de PME pour maximiser les avantages des solutions IT dans leur entreprise ?<\/strong><\/li>\n<\/ul>\n\n\n\n<p>Mon conseil pour les entrepreneurs et les dirigeants de PME est d&rsquo;adopter une approche pragmatique. Commencez par des \u00e9tapes simples, en vous concentrant d&rsquo;abord sur la digitalisation de vos processus commerciaux et internes pour am\u00e9liorer la performance.<\/p>\n\n\n\n<ul class=\"wp-block-list\">\n<li>Un dernier mot pour encourager nos lecteurs qui d\u00e9sirent initier et piloter un projet dans l\u2019IT?<\/li>\n<\/ul>\n\n\n\n<blockquote class=\"wp-block-quote is-layout-flow wp-block-quote-is-layout-flow\">\n<p>\u00ab\u00a0<em>N&rsquo;h\u00e9sitez pas \u00e0 avancer de mani\u00e8re pragmatique. Choisissez un p\u00e9rim\u00e8tre de projet, avancez \u00e9tape par \u00e9tape, et chaque petit pas vous rapprochera du succ\u00e8s. Bonne chance \u00e0 vous !<\/em>\u00ab\u00a0<\/p>\n<cite>Maxime Deuse, co-fondateur de DEUSE<\/cite><\/blockquote>\n\n\n\n<p><em>Nous esp\u00e9rons que cet article vous a plu et nous vous promettons bien d\u2019autres belles rencontres avec des entrepreneurs et des acteurs de la finance qui nous inspireront par leurs histoires, aventures et conseils. Notre projet est de partir \u00e0 la rencontre des meilleurs dans leur domaine pour vous offrir un aper\u00e7u unique de leurs parcours, des d\u00e9fis auxquels ils ont \u00e9t\u00e9 confront\u00e9s et des le\u00e7ons qu\u2019ils ont apprises en chemin. Restez \u00e0 l\u2019aff\u00fbt de nos prochaines publications, car nous avons h\u00e2te de vous partager ces r\u00e9cits captivants qui pourront vous guider et vous motiver dans votre propre parcours entrepreneurial.<\/em><\/p>\n","protected":false},"excerpt":{"rendered":"<p>Dans cette interview, Maxime partage son parcours inspirant et nous plonge dans l&rsquo;histoire fascinante de la cr\u00e9ation de l&rsquo;entreprise DEUSE, qu&rsquo;il a fond\u00e9e avec son fr\u00e8re jumeau. Ensemble, ils ont d\u00e9j\u00e0 laiss\u00e9 leur empreinte en d\u00e9veloppant des applications de renom, notamment celle du Grand Prix de Spa, et travaillent actuellement sur un projet passionnant en [&hellip;]<\/p>\n","protected":false},"author":3,"featured_media":3276,"comment_status":"open","ping_status":"open","sticky":false,"template":"","format":"standard","meta":{"_acf_changed":false,"footnotes":""},"categories":[29,628],"tags":[7,651,160,23,225,270,19],"class_list":["post-3269","post","type-post","status-publish","format-standard","has-post-thumbnail","hentry","category-entreprises","category-sucess-story","tag-business","tag-deuse","tag-entrepreneur","tag-investissement","tag-it","tag-projet","tag-tech"],"acf":[],"aioseo_notices":[],"_links":{"self":[{"href":"https:\/\/www.api.parlonsfinance.fr\/index.php\/wp-json\/wp\/v2\/posts\/3269","targetHints":{"allow":["GET"]}}],"collection":[{"href":"https:\/\/www.api.parlonsfinance.fr\/index.php\/wp-json\/wp\/v2\/posts"}],"about":[{"href":"https:\/\/www.api.parlonsfinance.fr\/index.php\/wp-json\/wp\/v2\/types\/post"}],"author":[{"embeddable":true,"href":"https:\/\/www.api.parlonsfinance.fr\/index.php\/wp-json\/wp\/v2\/users\/3"}],"replies":[{"embeddable":true,"href":"https:\/\/www.api.parlonsfinance.fr\/index.php\/wp-json\/wp\/v2\/comments?post=3269"}],"version-history":[{"count":3,"href":"https:\/\/www.api.parlonsfinance.fr\/index.php\/wp-json\/wp\/v2\/posts\/3269\/revisions"}],"predecessor-version":[{"id":3282,"href":"https:\/\/www.api.parlonsfinance.fr\/index.php\/wp-json\/wp\/v2\/posts\/3269\/revisions\/3282"}],"wp:featuredmedia":[{"embeddable":true,"href":"https:\/\/www.api.parlonsfinance.fr\/index.php\/wp-json\/wp\/v2\/media\/3276"}],"wp:attachment":[{"href":"https:\/\/www.api.parlonsfinance.fr\/index.php\/wp-json\/wp\/v2\/media?parent=3269"}],"wp:term":[{"taxonomy":"category","embeddable":true,"href":"https:\/\/www.api.parlonsfinance.fr\/index.php\/wp-json\/wp\/v2\/categories?post=3269"},{"taxonomy":"post_tag","embeddable":true,"href":"https:\/\/www.api.parlonsfinance.fr\/index.php\/wp-json\/wp\/v2\/tags?post=3269"}],"curies":[{"name":"wp","href":"https:\/\/api.w.org\/{rel}","templated":true}]}}