{"id":3620,"date":"2024-06-07T17:39:23","date_gmt":"2024-06-07T15:39:23","guid":{"rendered":"https:\/\/www.api.parlonsfinance.fr\/?p=3620"},"modified":"2024-06-07T17:39:24","modified_gmt":"2024-06-07T15:39:24","slug":"david-leisterh-mr-je-propose-de-reduire-limpot-des-societes-a-15","status":"publish","type":"post","link":"https:\/\/www.api.parlonsfinance.fr\/index.php\/2024\/06\/07\/david-leisterh-mr-je-propose-de-reduire-limpot-des-societes-a-15\/","title":{"rendered":"David Leisterh (MR): \u00ab\u00a0Je propose de r\u00e9duire l&rsquo;imp\u00f4t des soci\u00e9t\u00e9s \u00e0 15%\u00a0\u00bb"},"content":{"rendered":"\n<h3 class=\"wp-block-heading\">Dans cette interview exclusive, nous avons rencontr\u00e9 David Leisterh, la t\u00eate de liste du Mouvement R\u00e9formateur (MR) \u00e0 Bruxelles, pour discuter de ses projets et de sa vision pour l&rsquo;avenir de la capitale belge.<\/h3>\n\n\n\n<h4 class=\"wp-block-heading\"><strong>Pouvez-vous tout d\u2019abord vous pr\u00e9senter et nous parler de votre parcours ?<\/strong><\/h4>\n\n\n\n<p>Je m&rsquo;appelle David Leisterh, j&rsquo;ai 40 ans et je suis la t\u00eate de liste du Mouvement R\u00e9formateur (MR) \u00e0 Bruxelles. Mon parcours est diversifi\u00e9 : je suis ind\u00e9pendant dans les secteurs des services et de l&rsquo;horeca, professeur de langues et actif en politique. J&rsquo;ai \u00e9t\u00e9 pr\u00e9sident du CPAS et conseiller aupr\u00e8s de Didier Reynders. <\/p>\n\n\n\n<p>Actuellement, je suis pr\u00e9sident du MR \u00e0 Bruxelles. J&rsquo;ai \u00e9tudi\u00e9 \u00e0 l&rsquo;ISTI et j&rsquo;enseigne \u00e0 l&rsquo;universit\u00e9. Je parle plusieurs langues, ce qui est un atout pour communiquer efficacement dans une ville cosmopolite comme Bruxelles.<\/p>\n\n\n<div class=\"wp-block-image\">\n<figure class=\"aligncenter size-large is-resized\"><img loading=\"lazy\" decoding=\"async\" width=\"683\" height=\"1024\" src=\"https:\/\/www.api.parlonsfinance.fr\/wp-content\/uploads\/2024\/06\/IMG_0923-683x1024.jpeg\" alt=\"\" class=\"wp-image-3621\" style=\"width:333px;height:auto\" srcset=\"https:\/\/www.api.parlonsfinance.fr\/wp-content\/uploads\/2024\/06\/IMG_0923-683x1024.jpeg 683w, https:\/\/www.api.parlonsfinance.fr\/wp-content\/uploads\/2024\/06\/IMG_0923-200x300.jpeg 200w, https:\/\/www.api.parlonsfinance.fr\/wp-content\/uploads\/2024\/06\/IMG_0923-768x1152.jpeg 768w, https:\/\/www.api.parlonsfinance.fr\/wp-content\/uploads\/2024\/06\/IMG_0923-1024x1536.jpeg 1024w, https:\/\/www.api.parlonsfinance.fr\/wp-content\/uploads\/2024\/06\/IMG_0923-1365x2048.jpeg 1365w, https:\/\/www.api.parlonsfinance.fr\/wp-content\/uploads\/2024\/06\/IMG_0923-1920x2880.jpeg 1920w, https:\/\/www.api.parlonsfinance.fr\/wp-content\/uploads\/2024\/06\/IMG_0923-1170x1755.jpeg 1170w, https:\/\/www.api.parlonsfinance.fr\/wp-content\/uploads\/2024\/06\/IMG_0923-585x878.jpeg 585w, https:\/\/www.api.parlonsfinance.fr\/wp-content\/uploads\/2024\/06\/IMG_0923-scaled.jpeg 1706w\" sizes=\"auto, (max-width: 683px) 100vw, 683px\" \/><\/figure>\n<\/div>\n\n\n<h4 class=\"wp-block-heading\"><strong>Quels sont les principaux axes de votre programme \u00e9conomique pour Bruxelles et la Belgique, et comment pr\u00e9voyez-vous de stimuler la croissance \u00e9conomique dans la r\u00e9gion ?<\/strong><\/h4>\n\n\n\n<p>Un des d\u00e9fis majeurs est le taux d\u2019emploi, particuli\u00e8rement bas en comparaison avec la Flandre. Pour y rem\u00e9dier, il faut augmenter ce taux en s&rsquo;assurant que davantage de personnes travaillent. Cela g\u00e9n\u00e9rerait un retour de 20 milliards d&rsquo;euros pour le budget f\u00e9d\u00e9ral, permettant ainsi de r\u00e9duire les charges sur les employeurs et les employ\u00e9s. <\/p>\n\n\n\n<p>Je propose de r\u00e9duire l&rsquo;imp\u00f4t des soci\u00e9t\u00e9s de 25% \u00e0 20%, voire \u00e0 15%. De plus, il est essentiel de garantir que tous les travailleurs ne paient pas plus de 50% de leurs revenus en imp\u00f4ts, ce qui n&rsquo;est pas le cas actuellement. Enfin, nous devons adopter des m\u00e9thodes efficaces comme celles appliqu\u00e9es en Flandre pour am\u00e9liorer l\u2019emploi \u00e0 Bruxelles.<\/p>\n\n\n\n<h4 class=\"wp-block-heading\"><strong>Quelles sont vos propositions pour la fiscalit\u00e9 des entreprises et des particuliers \u00e0 Bruxelles ? Envisagez-vous des r\u00e9formes fiscales pour rendre la r\u00e9gion plus attractive pour les investisseurs nationaux et \u00e9trangers ?<\/strong><\/h4>\n\n\n\n<p>En r\u00e9alit\u00e9, les entreprises quittent Bruxelles principalement \u00e0 cause de probl\u00e8mes de s\u00e9curit\u00e9, de mobilit\u00e9 et de propret\u00e9, plut\u00f4t que de la fiscalit\u00e9. Cependant, je propose d&rsquo;exon\u00e9rer le paiement du pr\u00e9compte immobilier pour les b\u00e2timents en r\u00e9novation. <\/p>\n\n\n\n<p>Il est crucial de baisser les droits d&rsquo;enregistrement de 12,5% \u00e0 3%, comme en Flandre, pour maintenir la classe moyenne \u00e0 Bruxelles. Nous devons \u00e9galement rationaliser les taxes diverses et les amendes qui p\u00e8sent lourdement sur les entreprises.<\/p>\n\n\n\n<h4 class=\"wp-block-heading\"><strong>Comment votre programme soutient-il les entrepreneurs et les startups \u00e0 Bruxelles ? Quelles mesures sp\u00e9cifiques proposez-vous pour faciliter la cr\u00e9ation et la croissance des entreprises ?<\/strong><\/h4>\n\n\n\n<p>Je propose de r\u00e9duire l&rsquo;imp\u00f4t des soci\u00e9t\u00e9s \u00e0 15% et d&rsquo;augmenter le plafond forfaitaire des d\u00e9ductions pour investissement. Il est vital de baisser les charges patronales et sociales pour aider les entreprises \u00e0 d\u00e9marrer. <\/p>\n\n\n\n<p>Nous devons \u00e9galement r\u00e9duire les d\u00e9lais de d\u00e9livrance des permis, qui sont actuellement beaucoup plus longs qu\u2019en Flandre et en Wallonie. Il faut parfois 3 \u00e0 4 fois plus de temps pour recevoir un permis par rapport \u00e0 la Wallonie ou la Flandre. C&rsquo;est un frein pour les investisseurs !<\/p>\n\n\n\n<p>En outre, il est n\u00e9cessaire de maintenir l&rsquo;exon\u00e9ration des charges patronales sur le premier emploi pour encourager l&#8217;embauche. Nous pourrions \u00e9galement envisager d&rsquo;exon\u00e9rer les charges sociales.<\/p>\n\n\n\n<h4 class=\"wp-block-heading\"><strong>Quels sont vos plans pour r\u00e9duire le ch\u00f4mage \u00e0 Bruxelles et quelles initiatives envisagez-vous pour cr\u00e9er de nouveaux emplois, notamment dans les secteurs innovants et technologiques ?<\/strong><\/h4>\n\n\n\n<p>Nous devons appliquer les m\u00e9thodes efficaces de la Flandre, o\u00f9 les offres d\u2019emploi sont rapidement propos\u00e9es aux demandeurs d&#8217;emploi. En cas de refus r\u00e9p\u00e9t\u00e9s sans justification, la solidarit\u00e9 devrait \u00eatre reconsid\u00e9r\u00e9e, avec des sanctions \u00e0 la cl\u00e9. Cela a permis \u00e0 la Flandre de maintenir un taux d&#8217;emploi \u00e9lev\u00e9 et un faible taux de ch\u00f4mage.<\/p>\n\n\n\n<h4 class=\"wp-block-heading\"><strong>Quelles actions comptez-vous entreprendre pour renforcer l&rsquo;attractivit\u00e9 de Bruxelles en tant que centre financier et \u00e9conomique en Europe, surtout en post-Brexit ?<\/strong><\/h4>\n\n\n\n<p>Outre la r\u00e9duction des charges, il est essentiel de rendre Bruxelles plus s\u00fbre, accessible et propre. Il est \u00e9galement crucial de r\u00e9duire le temps de d\u00e9livrance des permis. <\/p>\n\n\n\n<p>Les finances de Bruxelles \u00e9tant limit\u00e9es voire vides, nous devons collaborer avec le secteur priv\u00e9 pour financer les projets d&rsquo;infrastructure ambitieux, comme la liaison entre les gares et le d\u00e9veloppement du canal en cr\u00e9ant un espace de loisir attractif.<\/p>\n\n\n\n<h4 class=\"wp-block-heading\"><strong>Comment votre programme aborde-t-il la question de l&rsquo;\u00e9ducation et de la formation professionnelle pour s&rsquo;assurer que les citoyens de Bruxelles sont pr\u00eats \u00e0 relever les d\u00e9fis du march\u00e9 du travail moderne ?<\/strong><\/h4>\n\n\n\n<p>Nous devons r\u00e9duire le catalogue de formations pour ne conserver que celles menant \u00e0 un emploi. Il est \u00e9galement important de respecter et de soutenir les enseignants en leur donnant plus de libert\u00e9 dans leur travail.<\/p>\n\n\n\n<h4 class=\"wp-block-heading\"><strong>Quels sont vos projets pour encourager l&rsquo;innovation et l&rsquo;adoption de nouvelles technologies dans les entreprises bruxelloises ? Avez-vous des plans pour des incubateurs ou des programmes de soutien \u00e0 la recherche et au d\u00e9veloppement ?<\/strong><\/h4>\n\n\n\n<p>Je propose de soutenir les initiatives d&rsquo;incubateurs et de favoriser la collaboration entre les secteurs public et priv\u00e9 pour encourager l&rsquo;innovation.<\/p>\n\n\n\n<h4 class=\"wp-block-heading\"><strong>Le co\u00fbt de la vie \u00e0 Bruxelles est une pr\u00e9occupation pour de nombreux r\u00e9sidents. Comment comptez-vous aborder les probl\u00e8mes li\u00e9s au logement abordable et au co\u00fbt de la vie dans la ville ?<\/strong><\/h4>\n\n\n\n<p>Nous devons augmenter l\u2019offre de logements en acc\u00e9l\u00e9rant les processus de d\u00e9livrance de permis. Il est crucial de construire davantage de logements pour r\u00e9pondre \u00e0 la demande croissante. Il y a 3.000 nouveaux logements disponibles sur Bruxelles par an alors qu&rsquo;il en faudrait 40.000, vous voyez l&rsquo;\u00e9cart, les prix flambent !<\/p>\n\n\n\n<h4 class=\"wp-block-heading\"><strong>Quels sont vos plans pour assurer une gestion responsable et efficace du budget de Bruxelles ? Comment envisagez-vous de r\u00e9duire la dette publique et d&rsquo;am\u00e9liorer l&rsquo;efficacit\u00e9 des d\u00e9penses publiques ?<\/strong><\/h4>\n\n\n\n<p>Je vise \u00e0 \u00e9quilibrer le budget et \u00e0 r\u00e9duire la dette en optimisant les d\u00e9penses publiques et en attirant des investissements priv\u00e9s.<\/p>\n\n\n\n<h4 class=\"wp-block-heading\"><strong>Quelles mesures proposez-vous pour r\u00e9duire les in\u00e9galit\u00e9s \u00e9conomiques et sociales \u00e0 Bruxelles ? Comment votre programme pr\u00e9voit-il d&rsquo;aider les populations les plus vuln\u00e9rables ?<\/strong><\/h4>\n\n\n\n<p>Il est essentiel de garantir que les \u00e9coles offrent des formations de qualit\u00e9 et que les emplois soient accessibles et activables pour tous. Nous devons \u00e9galement veiller \u00e0 ce que les enseignants soient respect\u00e9s et soutenus dans leur travail.<\/p>\n\n\n\n<h4 class=\"wp-block-heading\">Un mot pour conclure ?<\/h4>\n\n\n\n<p>En conclusion, avec notre programme, nous proposons de tout changer, de transformer Bruxelles en une ville plus attractive, dynamique et prosp\u00e8re, en me concentrant sur des r\u00e9formes \u00e9conomiques, fiscales et sociales essentielles. L&rsquo;objectif sera de remettre le budget \u00e0 l&rsquo;\u00e9quilibre car la dette a explos\u00e9 !<\/p>\n\n\n\n<p><strong>Un grand merci David et bonne chance !<\/strong><\/p>\n","protected":false},"excerpt":{"rendered":"<p>Dans cette interview exclusive, nous avons rencontr\u00e9 David Leisterh, la t\u00eate de liste du Mouvement R\u00e9formateur (MR) \u00e0 Bruxelles, pour discuter de ses projets et de sa vision pour l&rsquo;avenir de la capitale belge. Pouvez-vous tout d\u2019abord vous pr\u00e9senter et nous parler de votre parcours ? Je m&rsquo;appelle David Leisterh, j&rsquo;ai 40 ans et je [&hellip;]<\/p>\n","protected":false},"author":3,"featured_media":3622,"comment_status":"open","ping_status":"open","sticky":false,"template":"","format":"standard","meta":{"_acf_changed":false,"footnotes":""},"categories":[673],"tags":[61,7,24,23,680,28,200],"class_list":["post-3620","post","type-post","status-publish","format-standard","has-post-thumbnail","hentry","category-politique","tag-bruxelles","tag-business","tag-economie-2","tag-investissement","tag-mr","tag-politique","tag-reforme"],"acf":[],"aioseo_notices":[],"_links":{"self":[{"href":"https:\/\/www.api.parlonsfinance.fr\/index.php\/wp-json\/wp\/v2\/posts\/3620","targetHints":{"allow":["GET"]}}],"collection":[{"href":"https:\/\/www.api.parlonsfinance.fr\/index.php\/wp-json\/wp\/v2\/posts"}],"about":[{"href":"https:\/\/www.api.parlonsfinance.fr\/index.php\/wp-json\/wp\/v2\/types\/post"}],"author":[{"embeddable":true,"href":"https:\/\/www.api.parlonsfinance.fr\/index.php\/wp-json\/wp\/v2\/users\/3"}],"replies":[{"embeddable":true,"href":"https:\/\/www.api.parlonsfinance.fr\/index.php\/wp-json\/wp\/v2\/comments?post=3620"}],"version-history":[{"count":1,"href":"https:\/\/www.api.parlonsfinance.fr\/index.php\/wp-json\/wp\/v2\/posts\/3620\/revisions"}],"predecessor-version":[{"id":3623,"href":"https:\/\/www.api.parlonsfinance.fr\/index.php\/wp-json\/wp\/v2\/posts\/3620\/revisions\/3623"}],"wp:featuredmedia":[{"embeddable":true,"href":"https:\/\/www.api.parlonsfinance.fr\/index.php\/wp-json\/wp\/v2\/media\/3622"}],"wp:attachment":[{"href":"https:\/\/www.api.parlonsfinance.fr\/index.php\/wp-json\/wp\/v2\/media?parent=3620"}],"wp:term":[{"taxonomy":"category","embeddable":true,"href":"https:\/\/www.api.parlonsfinance.fr\/index.php\/wp-json\/wp\/v2\/categories?post=3620"},{"taxonomy":"post_tag","embeddable":true,"href":"https:\/\/www.api.parlonsfinance.fr\/index.php\/wp-json\/wp\/v2\/tags?post=3620"}],"curies":[{"name":"wp","href":"https:\/\/api.w.org\/{rel}","templated":true}]}}