{"id":3948,"date":"2024-09-08T17:00:46","date_gmt":"2024-09-08T15:00:46","guid":{"rendered":"https:\/\/www.api.parlonsfinance.fr\/?p=3948"},"modified":"2024-09-08T17:00:47","modified_gmt":"2024-09-08T15:00:47","slug":"analyse-le-nouveau-dilemme-de-la-fed-assurer-leconomie-avant-de-maitriser-linflation","status":"publish","type":"post","link":"https:\/\/www.api.parlonsfinance.fr\/index.php\/2024\/09\/08\/analyse-le-nouveau-dilemme-de-la-fed-assurer-leconomie-avant-de-maitriser-linflation\/","title":{"rendered":"Analyse: Le nouveau dilemme de la FED, assurer l\u2019\u00e9conomie avant de maitriser l\u2019inflation"},"content":{"rendered":"\n<h3 class=\"wp-block-heading\">Les banques centrales, garantes de la stabilit\u00e9 \u00e9conomique, sont aujourd&rsquo;hui confront\u00e9es \u00e0 une mission p\u00e9rilleuse : ma\u00eetriser l&rsquo;inflation galopante tout en pr\u00e9servant la croissance \u00e9conomique. Le monde a connu une acc\u00e9l\u00e9ration fulgurante de l&rsquo;inflation en 2022 et 2023, et la FED, la banque centrale am\u00e9ricaine, fait face \u00e0 un d\u00e9fi sans pr\u00e9c\u00e9dent.<\/h3>\n\n\n\n<h4 class=\"wp-block-heading\"><strong>Qu&rsquo;est-ce que le \u00ab\u00a0soft landing\u00a0\u00bb ?<\/strong><\/h4>\n\n\n\n<p>Le &lsquo;soft landing&rsquo;, ou atterrissage en douceur, est une situation o\u00f9 la <a href=\"https:\/\/www.federalreserve.gov\/\" target=\"_blank\" rel=\"noopener\" title=\"\">FED<\/a> parvient \u00e0 ralentir l&rsquo;\u00e9conomie suffisamment pour contr\u00f4ler l&rsquo;inflation sans provoquer de r\u00e9cession. Cela se traduirait par une \u00e9conomie stable, avec une croissance mod\u00e9r\u00e9e et une inflation ma\u00eetris\u00e9e.<\/p>\n\n\n\n<h4 class=\"wp-block-heading\"><strong>L&rsquo;inflation : en pleine d\u00e9c\u00e9l\u00e9ration, mais encore loin de la cible des 2 %<\/strong><\/h4>\n\n\n\n<p>Le taux d&rsquo;inflation annuel aux \u00c9tats-Unis a ralenti pour le quatri\u00e8me mois cons\u00e9cutif, atteignant 2,9 % en juillet 2024, son niveau le plus bas depuis mars 2021. Ce chiffre est l\u00e9g\u00e8rement inf\u00e9rieur aux 3 % enregistr\u00e9s en juin et aux pr\u00e9visions des analystes, qui anticipaient \u00e9galement 3 %. <\/p>\n\n\n\n<p>Selon les projections de la R\u00e9serve f\u00e9d\u00e9rale de Philadelphie, l&rsquo;inflation devrait continuer \u00e0 diminuer, atteignant 2,8 % d&rsquo;ici la fin de l&rsquo;ann\u00e9e 2024, et 2,3 % en 2025, contre un objectif de 2,0 % fix\u00e9 par la Fed. Ces pr\u00e9visions refl\u00e8tent un ajustement progressif des pressions inflationnistes, bien que le retour \u00e0 la cible de 2,0 % semble plus lent que pr\u00e9vu initialement.<\/p>\n\n\n<div class=\"wp-block-image\">\n<figure class=\"aligncenter size-full is-resized\"><img loading=\"lazy\" decoding=\"async\" width=\"945\" height=\"399\" src=\"https:\/\/www.api.parlonsfinance.fr\/wp-content\/uploads\/2024\/09\/image-1.png\" alt=\"\" class=\"wp-image-3949\" style=\"width:604px;height:auto\" srcset=\"https:\/\/www.api.parlonsfinance.fr\/wp-content\/uploads\/2024\/09\/image-1.png 945w, https:\/\/www.api.parlonsfinance.fr\/wp-content\/uploads\/2024\/09\/image-1-300x127.png 300w, https:\/\/www.api.parlonsfinance.fr\/wp-content\/uploads\/2024\/09\/image-1-768x324.png 768w, https:\/\/www.api.parlonsfinance.fr\/wp-content\/uploads\/2024\/09\/image-1-585x247.png 585w\" sizes=\"auto, (max-width: 945px) 100vw, 945px\" \/><\/figure>\n<\/div>\n\n\n<h4 class=\"wp-block-heading\"><strong>Des signaux mitig\u00e9s : l&rsquo;\u00e9conomie am\u00e9ricaine tient bon mais des incertitudes persistent<\/strong><\/h4>\n\n\n\n<p>Les derni\u00e8res donn\u00e9es \u00e9conomiques am\u00e9ricaines montrent une croissance du PIB r\u00e9el de 3 % au deuxi\u00e8me trimestre 2024, un signe positif. Cependant, les pr\u00e9visions de la R\u00e9serve f\u00e9d\u00e9rale de Philadelphie anticipent un ralentissement de la croissance \u00e0 1,9 % au troisi\u00e8me trimestre, puis \u00e0 1,7 %, avant de se stabiliser \u00e0 1,9 % en 2025.<\/p>\n\n\n<div class=\"wp-block-image\">\n<figure class=\"aligncenter size-full is-resized\"><img loading=\"lazy\" decoding=\"async\" width=\"945\" height=\"564\" src=\"https:\/\/www.api.parlonsfinance.fr\/wp-content\/uploads\/2024\/09\/image-2.png\" alt=\"\" class=\"wp-image-3950\" style=\"width:553px;height:auto\" srcset=\"https:\/\/www.api.parlonsfinance.fr\/wp-content\/uploads\/2024\/09\/image-2.png 945w, https:\/\/www.api.parlonsfinance.fr\/wp-content\/uploads\/2024\/09\/image-2-300x179.png 300w, https:\/\/www.api.parlonsfinance.fr\/wp-content\/uploads\/2024\/09\/image-2-768x458.png 768w, https:\/\/www.api.parlonsfinance.fr\/wp-content\/uploads\/2024\/09\/image-2-585x349.png 585w\" sizes=\"auto, (max-width: 945px) 100vw, 945px\" \/><\/figure>\n<\/div>\n\n\n<h4 class=\"wp-block-heading\"><strong>Le march\u00e9 craint une d\u00e9gradation \u00e9conomique au T3 2024&nbsp;:<\/strong><\/h4>\n\n\n\n<p>Deux indicateurs cl\u00e9s publi\u00e9s cette semaine signalent un ralentissement imminent :<\/p>\n\n\n\n<p>L&rsquo;indice PMI manufacturier de l&rsquo;ISM a recul\u00e9 \u00e0 47,2 en ao\u00fbt, apr\u00e8s 46,8 en juillet, contre un consensus de 47,5. Cette baisse indique une contraction de l&rsquo;activit\u00e9 manufacturi\u00e8re.<\/p>\n\n\n\n<p>De plus, les nouvelles commandes dans le secteur de l&rsquo;\u00e9nergie ont chut\u00e9 de 2,8 points, passant de 47,4 en juillet \u00e0 44,6 en ao\u00fbt. Ce repli significatif refl\u00e8te une baisse de la demande \u00e9nerg\u00e9tique, t\u00e9moignant d&rsquo;un ralentissement \u00e9conomique.<\/p>\n\n\n\n<p>Ces chiffres confirment les inqui\u00e9tudes d&rsquo;une d\u00e9t\u00e9rioration \u00e9conomique au cours du troisi\u00e8me trimestre 2024.<\/p>\n\n\n<div class=\"wp-block-image\">\n<figure class=\"aligncenter size-full is-resized\"><img loading=\"lazy\" decoding=\"async\" width=\"945\" height=\"508\" src=\"https:\/\/www.api.parlonsfinance.fr\/wp-content\/uploads\/2024\/09\/image-3.png\" alt=\"\" class=\"wp-image-3951\" style=\"width:586px;height:auto\" srcset=\"https:\/\/www.api.parlonsfinance.fr\/wp-content\/uploads\/2024\/09\/image-3.png 945w, https:\/\/www.api.parlonsfinance.fr\/wp-content\/uploads\/2024\/09\/image-3-300x161.png 300w, https:\/\/www.api.parlonsfinance.fr\/wp-content\/uploads\/2024\/09\/image-3-768x413.png 768w, https:\/\/www.api.parlonsfinance.fr\/wp-content\/uploads\/2024\/09\/image-3-585x314.png 585w\" sizes=\"auto, (max-width: 945px) 100vw, 945px\" \/><\/figure>\n<\/div>\n\n\n<h4 class=\"wp-block-heading\"><strong>Le march\u00e9 du travail am\u00e9ricain confirme des signes de ralentissement :<\/strong><\/h4>\n\n\n\n<p>Le rapport sur l&#8217;emploi du d\u00e9partement du Travail vient de para\u00eetre et r\u00e9v\u00e8le un l\u00e9ger repli du march\u00e9 du travail. Bien que le nombre de cr\u00e9ations d&#8217;emplois non agricoles ait atteint 142 000 en ao\u00fbt, ce chiffre est inf\u00e9rieur aux pr\u00e9visions des \u00e9conomistes (160 000). Le taux de ch\u00f4mage a l\u00e9g\u00e8rement diminu\u00e9 \u00e0 4,2 %, conform\u00e9ment aux attentes, apr\u00e8s une l\u00e9g\u00e8re hausse le mois pr\u00e9c\u00e9dent.<\/p>\n\n\n\n<p>Cependant, les d\u00e9tails du rapport pr\u00e9sentent une autre perspective. Les entreprises priv\u00e9es n&rsquo;ont ajout\u00e9 que 99 000 nouveaux postes en ao\u00fbt, le plus faible chiffre depuis janvier 2021. Ce r\u00e9sultat, nettement en de\u00e7\u00e0 des pr\u00e9visions, t\u00e9moigne d&rsquo;un ralentissement de l&#8217;embauche pour le cinqui\u00e8me mois cons\u00e9cutif.<\/p>\n\n\n\n<p>Ce recul de l&#8217;embauche pourrait indiquer un rel\u00e2chement des tensions sur le march\u00e9 du travail. Il reste \u00e0 voir si cette tendance se confirmera dans les mois \u00e0 venir et quelles en seront les cons\u00e9quences pour l&rsquo;\u00e9conomie am\u00e9ricaine.<\/p>\n\n\n<div class=\"wp-block-image\">\n<figure class=\"aligncenter size-full is-resized\"><img loading=\"lazy\" decoding=\"async\" width=\"945\" height=\"486\" src=\"https:\/\/www.api.parlonsfinance.fr\/wp-content\/uploads\/2024\/09\/image-4.png\" alt=\"\" class=\"wp-image-3952\" style=\"width:385px;height:auto\" srcset=\"https:\/\/www.api.parlonsfinance.fr\/wp-content\/uploads\/2024\/09\/image-4.png 945w, https:\/\/www.api.parlonsfinance.fr\/wp-content\/uploads\/2024\/09\/image-4-300x154.png 300w, https:\/\/www.api.parlonsfinance.fr\/wp-content\/uploads\/2024\/09\/image-4-768x395.png 768w, https:\/\/www.api.parlonsfinance.fr\/wp-content\/uploads\/2024\/09\/image-4-585x301.png 585w\" sizes=\"auto, (max-width: 945px) 100vw, 945px\" \/><\/figure>\n<\/div>\n\n\n<h4 class=\"wp-block-heading\"><strong>La Fed sous pression : un cocktail explosif entre baisse de taux et risques de r\u00e9cession<\/strong><\/h4>\n\n\n\n<p>Les donn\u00e9es \u00e9conomiques devraient confirmer ce que les march\u00e9s anticipent : une baisse des taux d&rsquo;int\u00e9r\u00eat de la Fed, car la menace d&rsquo;une r\u00e9cession p\u00e8se sur l&rsquo;\u00e9conomie am\u00e9ricaine. La multiplication des licenciements ces derniers mois pourrait inciter la Fed \u00e0 agir plus rapidement et de mani\u00e8re plus agressive pour \u00e9viter une crise majeure.<\/p>\n\n\n\n<p>La tension monte \u00e0 l&rsquo;approche de la r\u00e9union de la Fed le 18 septembre. Selon le FED Watch de CME Group, une baisse des taux est d\u00e9sormais quasi certaine. Toutefois, l&rsquo;ampleur de cette baisse reste incertaine : 70 % des analystes parient sur une r\u00e9duction de 25 points de base, tandis que 30 % anticipent une baisse plus importante de 50 points de base.<\/p>\n","protected":false},"excerpt":{"rendered":"<p>Les banques centrales, garantes de la stabilit\u00e9 \u00e9conomique, sont aujourd&rsquo;hui confront\u00e9es \u00e0 une mission p\u00e9rilleuse : ma\u00eetriser l&rsquo;inflation galopante tout en pr\u00e9servant la croissance \u00e9conomique. Le monde a connu une acc\u00e9l\u00e9ration fulgurante de l&rsquo;inflation en 2022 et 2023, et la FED, la banque centrale am\u00e9ricaine, fait face \u00e0 un d\u00e9fi sans pr\u00e9c\u00e9dent. Qu&rsquo;est-ce que le [&hellip;]<\/p>\n","protected":false},"author":18,"featured_media":2294,"comment_status":"open","ping_status":"open","sticky":false,"template":"","format":"standard","meta":{"_acf_changed":false,"footnotes":""},"categories":[75,4],"tags":[72,10,7,54,6,327,5,77,23,28,701,109],"class_list":["post-3948","post","type-post","status-publish","format-standard","has-post-thumbnail","hentry","category-monde","category-nos-analyses","tag-banque","tag-bourse","tag-business","tag-dollars","tag-economie","tag-fed","tag-finance","tag-inflation","tag-investissement","tag-politique","tag-soft-landing","tag-trading"],"acf":[],"aioseo_notices":[],"_links":{"self":[{"href":"https:\/\/www.api.parlonsfinance.fr\/index.php\/wp-json\/wp\/v2\/posts\/3948","targetHints":{"allow":["GET"]}}],"collection":[{"href":"https:\/\/www.api.parlonsfinance.fr\/index.php\/wp-json\/wp\/v2\/posts"}],"about":[{"href":"https:\/\/www.api.parlonsfinance.fr\/index.php\/wp-json\/wp\/v2\/types\/post"}],"author":[{"embeddable":true,"href":"https:\/\/www.api.parlonsfinance.fr\/index.php\/wp-json\/wp\/v2\/users\/18"}],"replies":[{"embeddable":true,"href":"https:\/\/www.api.parlonsfinance.fr\/index.php\/wp-json\/wp\/v2\/comments?post=3948"}],"version-history":[{"count":1,"href":"https:\/\/www.api.parlonsfinance.fr\/index.php\/wp-json\/wp\/v2\/posts\/3948\/revisions"}],"predecessor-version":[{"id":3953,"href":"https:\/\/www.api.parlonsfinance.fr\/index.php\/wp-json\/wp\/v2\/posts\/3948\/revisions\/3953"}],"wp:featuredmedia":[{"embeddable":true,"href":"https:\/\/www.api.parlonsfinance.fr\/index.php\/wp-json\/wp\/v2\/media\/2294"}],"wp:attachment":[{"href":"https:\/\/www.api.parlonsfinance.fr\/index.php\/wp-json\/wp\/v2\/media?parent=3948"}],"wp:term":[{"taxonomy":"category","embeddable":true,"href":"https:\/\/www.api.parlonsfinance.fr\/index.php\/wp-json\/wp\/v2\/categories?post=3948"},{"taxonomy":"post_tag","embeddable":true,"href":"https:\/\/www.api.parlonsfinance.fr\/index.php\/wp-json\/wp\/v2\/tags?post=3948"}],"curies":[{"name":"wp","href":"https:\/\/api.w.org\/{rel}","templated":true}]}}