{"id":5121,"date":"2024-12-10T22:51:43","date_gmt":"2024-12-10T21:51:43","guid":{"rendered":"https:\/\/www.api.parlonsfinance.fr\/?p=5121"},"modified":"2024-12-10T22:51:44","modified_gmt":"2024-12-10T21:51:44","slug":"lunion-europeenne-et-le-mercosur-une-alliance-economique-strategique-face-aux-defis-globaux","status":"publish","type":"post","link":"https:\/\/www.api.parlonsfinance.fr\/index.php\/2024\/12\/10\/lunion-europeenne-et-le-mercosur-une-alliance-economique-strategique-face-aux-defis-globaux\/","title":{"rendered":"L\u2019Union Europ\u00e9enne et le Mercosur : une alliance \u00e9conomique strat\u00e9gique face aux d\u00e9fis globaux"},"content":{"rendered":"\n<h2 class=\"wp-block-heading\"><strong>C\u2019est avec \u00e9tonnement que nous avons appris, en pleine tourmente politique en France, qu\u2019Ursula von der Leyen avait finalis\u00e9 un accord commercial historique entre l\u2019Union Europ\u00e9enne (UE) et le Mercosur (March\u00e9 commun du Sud, regroupant l\u2019Argentine, le Br\u00e9sil, le Paraguay et l\u2019Uruguay).<\/strong><\/h2>\n\n\n\n<p>Cette alliance strat\u00e9gique marque une \u00e9tape majeure dans les relations commerciales internationales, promettant de redessiner les \u00e9changes \u00e9conomiques entre les deux blocs.<\/p>\n\n\n\n<p><strong>Apr\u00e8s plus de deux d\u00e9cennies de n\u00e9gociations tumultueuses, l\u2019accord commercial entre l\u2019Union Europ\u00e9enne et le Mercosur refl\u00e8te une volont\u00e9 commune de renforcer les liens \u00e9conomiques tout en prenant en compte des enjeux soci\u00e9taux et environnementaux majeurs.<\/strong><\/p>\n\n\n\n<p>Cependant, cette d\u00e9cision a \u00e9t\u00e9 per\u00e7ue comme une trahison par le pr\u00e9sident Emmanuel Macron, d\u00e9j\u00e0 fragilis\u00e9 par une crise politique int\u00e9rieure. La d\u00e9mission de son Premier ministre apr\u00e8s la censure de son gouvernement l\u2019a contraint \u00e0 se concentrer sur les affaires nationales, laissant place \u00e0 cette annonce inattendue de la pr\u00e9sidente de la Commission Europ\u00e9enne, Ursula von der Leyen, sans consultation pr\u00e9alable.<\/p>\n\n\n\n<p>Quelles seront les cons\u00e9quences \u00e9conomiques et politiques de cette alliance strat\u00e9gique pour l&rsquo;Europe et l&rsquo;Am\u00e9rique du Sud ? C\u2019est ce que nous allons explorer dans cet article.<\/p>\n\n\n<div class=\"wp-block-image\">\n<figure class=\"aligncenter size-full is-resized\"><img loading=\"lazy\" decoding=\"async\" width=\"836\" height=\"637\" src=\"https:\/\/www.api.parlonsfinance.fr\/wp-content\/uploads\/2024\/12\/mercosur.jpg\" alt=\"\" class=\"wp-image-5122\" style=\"width:597px;height:auto\" srcset=\"https:\/\/www.api.parlonsfinance.fr\/wp-content\/uploads\/2024\/12\/mercosur.jpg 836w, https:\/\/www.api.parlonsfinance.fr\/wp-content\/uploads\/2024\/12\/mercosur-300x229.jpg 300w, https:\/\/www.api.parlonsfinance.fr\/wp-content\/uploads\/2024\/12\/mercosur-768x585.jpg 768w, https:\/\/www.api.parlonsfinance.fr\/wp-content\/uploads\/2024\/12\/mercosur-585x446.jpg 585w\" sizes=\"auto, (max-width: 836px) 100vw, 836px\" \/><\/figure>\n<\/div>\n\n\n<h3 class=\"wp-block-heading has-medium-font-size\"><strong>Un accord aux multiples enjeux<\/strong><\/h3>\n\n\n\n<p><strong>Pour mieux comprendre l&rsquo;importance de cet accord, commen\u00e7ons par d\u00e9finir le Mercosur.<\/strong><\/p>\n\n\n\n<p>Le <strong>Mercosur<\/strong> (March\u00e9 commun du Sud) est une zone de libre-\u00e9change regroupant l\u2019Argentine, le Br\u00e9sil, le Paraguay, l\u2019Uruguay et la Bolivie. Cr\u00e9\u00e9 le <strong>26 mars 1991<\/strong> par le <strong>trait\u00e9 d\u2019Asunci\u00f3n<\/strong>, il vise \u00e0 faciliter les \u00e9changes commerciaux et \u00e0 renforcer l&rsquo;int\u00e9gration \u00e9conomique entre ses membres.<\/p>\n\n\n\n<p>Ses principaux objectifs incluent :<\/p>\n\n\n\n<ul class=\"wp-block-list\">\n<li><strong>La libre circulation<\/strong> des biens, services et facteurs de production entre les pays membres.<\/li>\n\n\n\n<li><strong>L&rsquo;\u00e9tablissement d&rsquo;un tarif ext\u00e9rieur commun<\/strong> et l\u2019adoption d\u2019une politique commerciale unifi\u00e9e.<\/li>\n\n\n\n<li><strong>La coordination des politiques \u00e9conomiques et sectorielles<\/strong> pour stimuler la croissance r\u00e9gionale.<\/li>\n\n\n\n<li><strong>L\u2019harmonisation des l\u00e9gislations nationales<\/strong>, afin de consolider le processus d\u2019int\u00e9gration \u00e9conomique et sociale.<\/li>\n<\/ul>\n\n\n\n<p>Ce cadre vise \u00e0 cr\u00e9er un march\u00e9 int\u00e9gr\u00e9 et comp\u00e9titif, permettant aux membres du Mercosur de n\u00e9gocier collectivement des accords avec d\u2019autres blocs \u00e9conomiques mondiaux, comme l&rsquo;Union Europ\u00e9enne.<\/p>\n\n\n<div class=\"wp-block-image\">\n<figure class=\"aligncenter size-full is-resized\"><img loading=\"lazy\" decoding=\"async\" width=\"622\" height=\"581\" src=\"https:\/\/www.api.parlonsfinance.fr\/wp-content\/uploads\/2024\/12\/V5KLMEQJFBOIX5YK23HHFRTVQ4.jpg\" alt=\"\" class=\"wp-image-5123\" style=\"width:603px;height:auto\" srcset=\"https:\/\/www.api.parlonsfinance.fr\/wp-content\/uploads\/2024\/12\/V5KLMEQJFBOIX5YK23HHFRTVQ4.jpg 622w, https:\/\/www.api.parlonsfinance.fr\/wp-content\/uploads\/2024\/12\/V5KLMEQJFBOIX5YK23HHFRTVQ4-300x280.jpg 300w, https:\/\/www.api.parlonsfinance.fr\/wp-content\/uploads\/2024\/12\/V5KLMEQJFBOIX5YK23HHFRTVQ4-585x546.jpg 585w\" sizes=\"auto, (max-width: 622px) 100vw, 622px\" \/><\/figure>\n<\/div>\n\n\n<p><strong>Cette alliance ouvre la voie \u00e0 de nombreux avantages \u00e9conomiques pour l&rsquo;Union Europ\u00e9enne (UE).<\/strong><\/p>\n\n\n\n<p>L\u2019accord pr\u00e9voit la suppression progressive des <strong>droits de douane sur plus de 90 % des produits \u00e9chang\u00e9s<\/strong> entre les deux blocs. Cela constitue une opportunit\u00e9 majeure pour les entreprises europ\u00e9ennes, notamment dans les secteurs <strong>automobile, pharmaceutique et industriel<\/strong>, qui b\u00e9n\u00e9ficieront d\u2019un acc\u00e8s privil\u00e9gi\u00e9 \u00e0 un march\u00e9 de <strong>260 millions de consommateurs<\/strong>.<\/p>\n\n\n\n<p>De leur c\u00f4t\u00e9, les pays du Mercosur pourront <strong>exporter leurs produits agricoles<\/strong>, tels que la <strong>viande bovine, le soja et le sucre<\/strong>, \u00e0 des tarifs pr\u00e9f\u00e9rentiels vers l\u2019Europe. Selon les pr\u00e9visions, cet accord pourrait porter la valeur des \u00e9changes bilat\u00e9raux \u00e0 <strong>88 milliards d\u2019euros par an<\/strong>, dynamisant ainsi les \u00e9conomies des deux r\u00e9gions.<\/p>\n\n\n\n<h3 class=\"wp-block-heading\"><strong>Un accord controvers\u00e9 pour les agriculteurs europ\u00e9ens<\/strong><\/h3>\n\n\n\n<p>Cependant, cet accord ne fait pas l\u2019unanimit\u00e9, notamment aupr\u00e8s des <strong>agriculteurs europ\u00e9ens<\/strong>, et particuli\u00e8rement <strong>fran\u00e7ais<\/strong>. Ces derniers d\u00e9noncent une <strong>concurrence d\u00e9loyale<\/strong>, redoutant une baisse de leurs revenus due \u00e0 l&rsquo;afflux de produits agricoles \u00e0 bas prix en provenance du Mercosur.<\/p>\n\n\n\n<p><strong>Les manifestations agricoles<\/strong> se multiplient pour exprimer leur m\u00e9contentement face \u00e0 un march\u00e9 qui pourrait accentuer la pression sur un secteur d\u00e9j\u00e0 fragilis\u00e9 par des co\u00fbts de production \u00e9lev\u00e9s et des normes sanitaires strictes.<\/p>\n\n\n\n<p>En 2023, l\u2019UE a import\u00e9 plus de <strong>21,9 milliards d\u2019euros d\u2019animaux et d\u2019aliments pour animaux<\/strong>, faisant de cette cat\u00e9gorie de produits l\u2019un des <strong>plus \u00e9chang\u00e9s<\/strong> entre les deux blocs. Cette d\u00e9pendance pourrait encore s\u2019accentuer avec l\u2019entr\u00e9e en vigueur de l\u2019accord commercial, posant de s\u00e9rieux d\u00e9fis \u00e9conomiques et politiques.<\/p>\n\n\n\n<p><strong>Quelles seront les cons\u00e9quences \u00e0 long terme ?<\/strong> Cet accord, \u00e0 la fois prometteur et contest\u00e9, pourrait redessiner les relations \u00e9conomiques mondiales tout en exacerbant les tensions internes au sein de l\u2019UE.<\/p>\n\n\n<div class=\"wp-block-image\">\n<figure class=\"aligncenter size-full is-resized\"><img loading=\"lazy\" decoding=\"async\" width=\"750\" height=\"938\" src=\"https:\/\/www.api.parlonsfinance.fr\/wp-content\/uploads\/2024\/12\/image-1.jpg\" alt=\"\" class=\"wp-image-5124\" style=\"width:378px;height:auto\" srcset=\"https:\/\/www.api.parlonsfinance.fr\/wp-content\/uploads\/2024\/12\/image-1.jpg 750w, https:\/\/www.api.parlonsfinance.fr\/wp-content\/uploads\/2024\/12\/image-1-240x300.jpg 240w, https:\/\/www.api.parlonsfinance.fr\/wp-content\/uploads\/2024\/12\/image-1-585x732.jpg 585w\" sizes=\"auto, (max-width: 750px) 100vw, 750px\" \/><\/figure>\n<\/div>\n\n\n<p>Au-del\u00e0 de l\u2019importance des volumes d\u2019exportations, ce graphique met en lumi\u00e8re le r\u00f4le strat\u00e9gique du Mercosur en tant que partenaire commercial cl\u00e9 de l\u2019Union Europ\u00e9enne.<\/p>\n\n\n\n<p>Les principales exportations de l\u2019UE vers le Mercosur incluent <strong>les produits industriels, pharmaceutiques et technologiques<\/strong>, des secteurs qui pourraient conna\u00eetre une croissance significative gr\u00e2ce \u00e0 l&rsquo;ouverture progressive des march\u00e9s pr\u00e9vue par l\u2019accord. Cette lib\u00e9ralisation pourrait ainsi renforcer la comp\u00e9titivit\u00e9 des entreprises europ\u00e9ennes sur un march\u00e9 en pleine expansion.<\/p>\n\n\n\n<p>Cependant, cette expansion \u00e9conomique soul\u00e8ve des <strong>pr\u00e9occupations environnementales importantes<\/strong>, notamment li\u00e9es aux <strong>importations agricoles<\/strong>. L&rsquo;intensification de la production agricole dans les pays du Mercosur pourrait aggraver la <strong>d\u00e9forestation en Amazonie<\/strong>, accroissant ainsi les tensions entre <strong>objectifs commerciaux<\/strong> et <strong>engagements \u00e9cologiques<\/strong>.<\/p>\n\n\n\n<p>Ces enjeux risquent de <strong>provoquer des manifestations<\/strong> et d&rsquo;intensifier le d\u00e9bat public sur la compatibilit\u00e9 entre d\u00e9veloppement \u00e9conomique et pr\u00e9servation de l\u2019environnement. Trouver un <strong>\u00e9quilibre durable<\/strong> entre ces deux priorit\u00e9s sera essentiel pour assurer la viabilit\u00e9 et l\u2019acceptation politique de cet accord commercial.<\/p>\n\n\n<div class=\"wp-block-image\">\n<figure class=\"aligncenter size-full is-resized\"><img loading=\"lazy\" decoding=\"async\" width=\"620\" height=\"775\" src=\"https:\/\/www.api.parlonsfinance.fr\/wp-content\/uploads\/2024\/12\/image-2.jpg\" alt=\"\" class=\"wp-image-5126\" style=\"width:399px;height:auto\" srcset=\"https:\/\/www.api.parlonsfinance.fr\/wp-content\/uploads\/2024\/12\/image-2.jpg 620w, https:\/\/www.api.parlonsfinance.fr\/wp-content\/uploads\/2024\/12\/image-2-240x300.jpg 240w, https:\/\/www.api.parlonsfinance.fr\/wp-content\/uploads\/2024\/12\/image-2-585x731.jpg 585w\" sizes=\"auto, (max-width: 620px) 100vw, 620px\" \/><\/figure>\n<\/div>\n\n\n<h3 class=\"wp-block-heading has-medium-font-size\"><strong>Une r\u00e9ponse aux tensions g\u00e9opolitiques mondiales<\/strong><\/h3>\n\n\n\n<p>Le conflit commercial mondial d\u00e9passe d\u00e9sormais le simple diff\u00e9rend entre les \u00c9tats-Unis et la Chine.<\/p>\n\n\n\n<p>Face \u00e0 l\u2019intensification des tensions commerciales entre ces deux superpuissances, les autres nations sont contraintes de naviguer entre des int\u00e9r\u00eats souvent conflictuels. D\u2019un c\u00f4t\u00e9, elles souhaitent profiter des vastes march\u00e9s chinois et am\u00e9ricains ; de l\u2019autre, elles subissent la pression constante de ces pays pour aligner leurs politiques \u00e9conomiques et commerciales.<\/p>\n\n\n\n<p>Dans ce contexte, l&rsquo;accord commercial entre l\u2019<strong>UE et le Mercosur<\/strong> appara\u00eet comme une r\u00e9ponse strat\u00e9gique de l&rsquo;Europe pour <strong>diversifier ses partenariats \u00e9conomiques<\/strong> et <strong>r\u00e9duire sa d\u00e9pendance<\/strong> envers les \u00c9tats-Unis et la Chine. En renfor\u00e7ant ses liens avec l\u2019Am\u00e9rique latine, l\u2019UE cherche \u00e0 cr\u00e9er de nouvelles opportunit\u00e9s commerciales tout en affirmant son ind\u00e9pendance sur la sc\u00e8ne internationale.<\/p>\n\n\n\n<p>Cependant, l\u2019accord ne fait pas l\u2019unanimit\u00e9 au sein m\u00eame de l\u2019UE. <strong>La France<\/strong> et <strong>l\u2019Italie<\/strong>, notamment, ont exprim\u00e9 leur <strong>opposition ferme<\/strong>, qualifiant l&rsquo;alliance de <strong>\u00ab\u00a0trahison \u00e9conomique\u00a0\u00bb<\/strong> envers leurs secteurs agricoles respectifs. Ces pays redoutent l\u2019arriv\u00e9e massive de produits agricoles bon march\u00e9, susceptibles de <strong>d\u00e9stabiliser leurs march\u00e9s int\u00e9rieurs<\/strong> et de mettre en p\u00e9ril des milliers d\u2019emplois dans le secteur primaire.<\/p>\n\n\n\n<p>\u00c0 mesure que l&rsquo;accord progresse, <strong>les critiques internes<\/strong> et <strong>la pression politique<\/strong> pourraient forcer l\u2019UE \u00e0 repenser certains volets de cette alliance, notamment en int\u00e9grant davantage de <strong>garanties environnementales et sociales<\/strong>. Trouver un <strong>compromis durable<\/strong> sera essentiel pour \u00e9viter un <strong>\u00e9clatement politique<\/strong> au sein de l\u2019Union et assurer la <strong>l\u00e9gitimit\u00e9<\/strong> de l\u2019accord sur la sc\u00e8ne internationale.<\/p>\n\n\n\n<p>En conclusion, le partenariat UE-Mercosur refl\u00e8te l\u2019\u00e9quilibre complexe entre opportunit\u00e9s \u00e9conomiques et tensions politiques.<\/p>\n\n\n\n<p>Il promet un <strong>acc\u00e8s \u00e9largi<\/strong> \u00e0 un march\u00e9 de 260 millions de consommateurs, renfor\u00e7ant l\u2019influence \u00e9conomique de l\u2019UE face aux \u00c9tats-Unis et \u00e0 la Chine. Cependant, des <strong>inqui\u00e9tudes agricoles et environnementales<\/strong> persistent, notamment sur la concurrence d\u00e9loyale et la d\u00e9forestation en Amazonie.<\/p>\n\n\n\n<p>Le succ\u00e8s de l\u2019accord d\u00e9pendra de la capacit\u00e9 des deux blocs \u00e0 <strong>aligner int\u00e9r\u00eats \u00e9conomiques et responsabilit\u00e9s sociales et \u00e9cologiques<\/strong>. Sera-t-il un <strong>mod\u00e8le de coop\u00e9ration<\/strong> ou un <strong>nouveau sujet de division<\/strong> en Europe ? <strong>L\u2019avenir nous le dira.<\/strong><\/p>\n","protected":false},"excerpt":{"rendered":"<p>C\u2019est avec \u00e9tonnement que nous avons appris, en pleine tourmente politique en France, qu\u2019Ursula von der Leyen avait finalis\u00e9 un accord commercial historique entre l\u2019Union Europ\u00e9enne (UE) et le Mercosur (March\u00e9 commun du Sud, regroupant l\u2019Argentine, le Br\u00e9sil, le Paraguay et l\u2019Uruguay). Cette alliance strat\u00e9gique marque une \u00e9tape majeure dans les relations commerciales internationales, promettant [&hellip;]<\/p>\n","protected":false},"author":22,"featured_media":5159,"comment_status":"open","ping_status":"open","sticky":false,"template":"","format":"standard","meta":{"_acf_changed":false,"footnotes":""},"categories":[1],"tags":[],"class_list":["post-5121","post","type-post","status-publish","format-standard","has-post-thumbnail","hentry","category-non-classe"],"acf":[],"aioseo_notices":[],"_links":{"self":[{"href":"https:\/\/www.api.parlonsfinance.fr\/index.php\/wp-json\/wp\/v2\/posts\/5121","targetHints":{"allow":["GET"]}}],"collection":[{"href":"https:\/\/www.api.parlonsfinance.fr\/index.php\/wp-json\/wp\/v2\/posts"}],"about":[{"href":"https:\/\/www.api.parlonsfinance.fr\/index.php\/wp-json\/wp\/v2\/types\/post"}],"author":[{"embeddable":true,"href":"https:\/\/www.api.parlonsfinance.fr\/index.php\/wp-json\/wp\/v2\/users\/22"}],"replies":[{"embeddable":true,"href":"https:\/\/www.api.parlonsfinance.fr\/index.php\/wp-json\/wp\/v2\/comments?post=5121"}],"version-history":[{"count":6,"href":"https:\/\/www.api.parlonsfinance.fr\/index.php\/wp-json\/wp\/v2\/posts\/5121\/revisions"}],"predecessor-version":[{"id":5160,"href":"https:\/\/www.api.parlonsfinance.fr\/index.php\/wp-json\/wp\/v2\/posts\/5121\/revisions\/5160"}],"wp:featuredmedia":[{"embeddable":true,"href":"https:\/\/www.api.parlonsfinance.fr\/index.php\/wp-json\/wp\/v2\/media\/5159"}],"wp:attachment":[{"href":"https:\/\/www.api.parlonsfinance.fr\/index.php\/wp-json\/wp\/v2\/media?parent=5121"}],"wp:term":[{"taxonomy":"category","embeddable":true,"href":"https:\/\/www.api.parlonsfinance.fr\/index.php\/wp-json\/wp\/v2\/categories?post=5121"},{"taxonomy":"post_tag","embeddable":true,"href":"https:\/\/www.api.parlonsfinance.fr\/index.php\/wp-json\/wp\/v2\/tags?post=5121"}],"curies":[{"name":"wp","href":"https:\/\/api.w.org\/{rel}","templated":true}]}}