{"id":6562,"date":"2025-05-21T13:15:04","date_gmt":"2025-05-21T11:15:04","guid":{"rendered":"https:\/\/www.api.parlonsfinance.fr\/?p=6562"},"modified":"2025-05-21T13:14:50","modified_gmt":"2025-05-21T11:14:50","slug":"comment-chris-tiffen-ont-accompagne-un-chef-dentreprise-dans-la-structuration-de-son-patrimoine","status":"publish","type":"post","link":"https:\/\/www.api.parlonsfinance.fr\/index.php\/2025\/05\/21\/comment-chris-tiffen-ont-accompagne-un-chef-dentreprise-dans-la-structuration-de-son-patrimoine\/","title":{"rendered":"Comment Chris &amp; Tiffen ont accompagn\u00e9 un chef d\u2019entreprise dans la structuration de son patrimoine"},"content":{"rendered":"\n<h2 class=\"wp-block-heading\">\u00c0 l\u2019approche de la retraite, les d\u00e9cisions patrimoniales deviennent strat\u00e9giques. Entre transmission, fiscalit\u00e9 et pr\u00e9voyance, chaque choix compte. C\u2019est dans ce contexte que <strong>Monsieur et Madame <\/strong>BENEF, \u00e0 la t\u00eate d\u2019une PME familiale depuis plus de 30 ans, ont fait appel \u00e0 Chris &amp; Tiffen pour les accompagner dans une \u00e9tape cl\u00e9 de leur vie entrepreneuriale\u2026 et familiale.<\/h2>\n\n\n\n<p>Quand Monsieur BENEF a pouss\u00e9 la porte de Chris &amp; Tiffen, Partners chez <a href=\"https:\/\/www.union-conseil-associes.com\/\" target=\"_blank\" rel=\"noopener\" title=\"\">Union Conseils &amp; Associ\u00e9s<\/a>, il ne cherchait pas simplement un conseil fiscal. Il cherchait \u00e0 pr\u00e9parer <strong>la suite<\/strong>, <strong>la transmission<\/strong>, <strong>la s\u00e9r\u00e9nit\u00e9<\/strong>. \u00c0 58 ans, fondateur d\u2019une PME de BTP florissante, il savait que les ann\u00e9es \u00e0 venir seraient d\u00e9cisives. Sa femme, coassoci\u00e9e, responsable administrative de l\u2019entreprise depuis plus de 15 ans, partageait ses interrogations.<\/p>\n\n\n\n<p>Ensemble, ils avaient tout construit.<\/p>\n\n\n\n<p>Mais comment pr\u00e9server ? Comment transmettre sans cr\u00e9er de d\u00e9s\u00e9quilibres entre leurs deux fils ? Comment pr\u00e9parer une retraite digne, sans risquer une pression fiscale excessive ? Comment diversifier un patrimoine qui reposait essentiellement sur leur entreprise et l\u2019immobilier ?<\/p>\n\n\n\n<p>Autant de questions\u2026 qui demandaient plus que des r\u00e9ponses techniques. Elles demandaient une <strong>strat\u00e9gie sur-mesure<\/strong>.<\/p>\n\n\n\n<h2 class=\"wp-block-heading\">Le profil : un couple d\u2019entrepreneurs soud\u00e9s et pr\u00e9voyants<\/h2>\n\n\n\n<p>Mari\u00e9s depuis 1987 sans contrat de mariage, Monsieur et Madame BENEF ont deux enfants. Monsieur a fond\u00e9 une <strong>SARL de BTP<\/strong> en 1990, dont il d\u00e9tient 70 % du capital. Son \u00e9pouse, d\u00e9tentrice de 30 %, y occupe depuis 15 ans un poste cl\u00e9 d\u2019administratif.<\/p>\n\n\n\n<p>Ils sont \u00e9galement coassoci\u00e9s d\u2019une <strong>SCI<\/strong>, cr\u00e9\u00e9e pour d\u00e9tenir les murs de leur entreprise, mais aussi plusieurs biens locatifs.<\/p>\n\n\n\n<p>Le patrimoine professionnel est cons\u00e9quent, le patrimoine immobilier aussi. Et avec une TMI (<em>taux marginal d&rsquo;imposition<\/em>) \u00e0 41 %, chaque euro optimis\u00e9 compte.<\/p>\n\n\n\n<h2 class=\"wp-block-heading\">Les probl\u00e9matiques : transmission, fiscalit\u00e9, et s\u00e9r\u00e9nit\u00e9<\/h2>\n\n\n\n<p>Les objectifs \u00e9taient clairs :<\/p>\n\n\n\n<ul class=\"wp-block-list\">\n<li>Pr\u00e9parer la <strong>retraite<\/strong> de Monsieur<\/li>\n\n\n\n<li>Optimiser la <strong>r\u00e9mun\u00e9ration<\/strong> du couple\u2026 et de leurs salari\u00e9s fid\u00e8les<\/li>\n\n\n\n<li>Transmettre l\u2019entreprise \u00e0 leur <strong>fils a\u00een\u00e9<\/strong>, sans l\u00e9ser le cadet<\/li>\n\n\n\n<li>Pr\u00e9server l\u2019\u00e9quilibre du <strong>patrimoine immobilier<\/strong>\u2026 tout en \u00e9vitant l\u2019IFI<\/li>\n<\/ul>\n\n\n\n<p>Le d\u00e9fi ? Structurer ce patrimoine de mani\u00e8re coh\u00e9rente, durable, et fiscalement avantageuse.<\/p>\n\n\n\n<h2 class=\"wp-block-heading\">L\u2019approche Chris &amp; Tiffen : 360\u00b0, personnalis\u00e9e, \u00e9volutive<\/h2>\n\n\n\n<p>L\u2019accompagnement a d\u00e9but\u00e9 par une <strong>\u00e9tude patrimoniale globale<\/strong> : r\u00e9gime matrimonial, fiscalit\u00e9, placements financiers, SCI, SARL\u2026 rien n\u2019a \u00e9t\u00e9 laiss\u00e9 de c\u00f4t\u00e9.<\/p>\n\n\n\n<h3 class=\"wp-block-heading\">\ud83d\udd38 C\u00f4t\u00e9 SARL :<\/h3>\n\n\n\n<ul class=\"wp-block-list\">\n<li><strong>Mise en place d\u2019une \u00e9pargne salariale<\/strong> pour optimiser la r\u00e9mun\u00e9ration du couple et motiver les salari\u00e9s.<\/li>\n\n\n\n<li><strong>Versement strat\u00e9gique de dividendes<\/strong> : calcul pr\u00e9cis pour limiter l\u2019impact des cotisations sociales tout en optimisant la fiscalit\u00e9.<\/li>\n\n\n\n<li><strong>Placement sur assurance-vie<\/strong> en parall\u00e8le : rendement de 4 % net, avec horizon \u00e0 8 ans pour profiter des abattements.<\/li>\n\n\n\n<li><strong>Diversification<\/strong> via l\u2019or, l\u2019art et un groupement foncier viticole (un clin d\u2019\u0153il \u00e0 la passion du vin de Monsieur).<\/li>\n<\/ul>\n\n\n\n<p>Ainsi, ils ont pu g\u00e9n\u00e9rer des revenus alternatifs stables, pr\u00e9parer sereinement la retraite, tout en engageant les collaborateurs.<\/p>\n\n\n\n<h3 class=\"wp-block-heading\">\ud83d\udd38 Transmission de l\u2019entreprise :<\/h3>\n\n\n\n<ul class=\"wp-block-list\">\n<li><strong>Pr\u00e9conisation du <a href=\"https:\/\/avocat-droit-succession-cahen.fr\/avant-prevoir\/la-transmission-du-patrimoine-professionnel-le-pacte-dutreil\/\" target=\"_blank\" rel=\"noopener\" title=\"\">Pacte Dutreil<\/a><\/strong> : pour b\u00e9n\u00e9ficier d\u2019un abattement de 75 % sur les droits de donation.<\/li>\n\n\n\n<li><strong>Donation-partage avec soulte<\/strong> pour ne pas l\u00e9ser le second fils, non impliqu\u00e9 dans l\u2019entreprise.<\/li>\n\n\n\n<li><strong>Cr\u00e9ation d\u2019une holding<\/strong> pour le fils repreneur afin de structurer le rachat des parts et financer la soulte via un pr\u00eat bancaire.<\/li>\n<\/ul>\n\n\n\n<p>De ce fait, ils ont permis d&rsquo;\u00e9viter les conflits familiaux, de s\u00e9curiser la transmission, et de prot\u00e9ger les int\u00e9r\u00eats de chacun.<\/p>\n\n\n\n<h3 class=\"wp-block-heading\">\ud83d\udd38 C\u00f4t\u00e9 SCI :<\/h3>\n\n\n\n<ul class=\"wp-block-list\">\n<li><strong>Vente du local professionnel \u00e0 la SARL<\/strong> : pour limiter l\u2019exposition \u00e0 l\u2019IFI \u00e0 la retraite.<\/li>\n\n\n\n<li><strong>Pr\u00e9servation du compte courant d\u2019associ\u00e9<\/strong> de Madame : pour maintenir un passif utile dans le calcul de l\u2019IFI.<\/li>\n\n\n\n<li><strong>Projection fiscale \u00e0 la retraite<\/strong> : pour anticiper une baisse de la TMI \u00e0 30 %\u2026 mais une pression fiscale sur les revenus fonciers \u00e0 47,2 %.<\/li>\n<\/ul>\n\n\n\n<p>Ainsi, ils ont pu prot\u00e9ger les revenus futurs, anticiper l\u2019IFI et optimiser la fiscalit\u00e9 du couple.<\/p>\n\n\n\n<h2 class=\"wp-block-heading\">Les r\u00e9sultats<\/h2>\n\n\n\n<p>Monsieur et Madame BENEF ont aujourd\u2019hui une <strong>vision claire<\/strong> de leur patrimoine, un <strong>plan structur\u00e9<\/strong> pour la transmission et des <strong>investissements align\u00e9s<\/strong> avec leurs objectifs.<\/p>\n\n\n\n<blockquote class=\"wp-block-quote is-layout-flow wp-block-quote-is-layout-flow\">\n<p>Ils se disent \u00ab soulag\u00e9s et confiants \u00bb. Le poids des incertitudes a laiss\u00e9 place \u00e0 une strat\u00e9gie.<\/p>\n<\/blockquote>\n\n\n\n<p>Et ce n\u2019est qu\u2019un d\u00e9but : leurs deux fils, d\u00e9sormais conscients des enjeux patrimoniaux, ont eux aussi d\u00e9marr\u00e9 un accompagnement avec Chris &amp; Tiffen.<\/p>\n\n\n\n<h2 class=\"wp-block-heading\">Aujourd\u2019hui : s\u00e9r\u00e9nit\u00e9 et vision familiale<\/h2>\n\n\n\n<p>Ce que Monsieur et Madame BENEF ont gagn\u00e9 dans cette d\u00e9marche ? Une chose simple, mais essentielle : <strong>la tranquillit\u00e9 d\u2019esprit<\/strong>.<\/p>\n\n\n\n<p>Ils ont une <strong>strat\u00e9gie claire<\/strong>, des enfants impliqu\u00e9s, un patrimoine mieux prot\u00e9g\u00e9. Et une feuille de route pour les ann\u00e9es \u00e0 venir, construite avec soin, pr\u00e9cision et une vraie vision humaine.<\/p>\n\n\n\n<blockquote class=\"wp-block-quote is-layout-flow wp-block-quote-is-layout-flow\">\n<p>\u00ab Ce qui nous a marqu\u00e9 chez Chris &amp; Tiffen, confie Monsieur, c\u2019est leur capacit\u00e9 \u00e0 rendre clairs des sujets complexes. On se sent \u00e9cout\u00e9, accompagn\u00e9, jamais jug\u00e9. \u00bb<\/p>\n<\/blockquote>\n\n\n\n<p>Aujourd\u2019hui, ce sont leurs fils qui prennent le relais. Preuve que transmettre, ce n\u2019est pas seulement une affaire de parts sociales : c\u2019est aussi <strong>une affaire de confiance<\/strong>.<\/p>\n\n\n\n<p><em>Ce cas concret montre qu\u2019une <strong>structuration patrimoniale intelligente<\/strong> ne se limite pas \u00e0 r\u00e9duire les imp\u00f4ts. C\u2019est une d\u00e9marche profonde, qui touche \u00e0 l\u2019identit\u00e9 de l\u2019entrepreneur, \u00e0 la transmission des valeurs, \u00e0 la vision d\u2019une vie apr\u00e8s l\u2019entreprise.<\/em><\/p>\n\n\n<div class=\"wp-block-image\">\n<figure class=\"alignright size-large is-resized\"><a href=\"https:\/\/www.union-conseil-associes.com\/\"><img loading=\"lazy\" decoding=\"async\" width=\"1024\" height=\"503\" src=\"https:\/\/www.api.parlonsfinance.fr\/wp-content\/uploads\/2025\/05\/image001-1-1024x503.jpg\" alt=\"\" class=\"wp-image-6563\" style=\"width:332px;height:auto\" srcset=\"https:\/\/www.api.parlonsfinance.fr\/wp-content\/uploads\/2025\/05\/image001-1-1024x503.jpg 1024w, https:\/\/www.api.parlonsfinance.fr\/wp-content\/uploads\/2025\/05\/image001-1-300x147.jpg 300w, https:\/\/www.api.parlonsfinance.fr\/wp-content\/uploads\/2025\/05\/image001-1-768x378.jpg 768w, https:\/\/www.api.parlonsfinance.fr\/wp-content\/uploads\/2025\/05\/image001-1-585x288.jpg 585w, https:\/\/www.api.parlonsfinance.fr\/wp-content\/uploads\/2025\/05\/image001-1.jpg 1129w\" sizes=\"auto, (max-width: 1024px) 100vw, 1024px\" \/><\/a><\/figure>\n<\/div>\n\n<div class=\"wp-block-image\">\n<figure class=\"alignleft size-large is-resized\"><a href=\"https:\/\/www.union-conseil-associes.com\/\"><img loading=\"lazy\" decoding=\"async\" width=\"1024\" height=\"508\" src=\"https:\/\/www.api.parlonsfinance.fr\/wp-content\/uploads\/2025\/05\/image001-1024x508.png\" alt=\"\" class=\"wp-image-6564\" style=\"width:332px\" srcset=\"https:\/\/www.api.parlonsfinance.fr\/wp-content\/uploads\/2025\/05\/image001-1024x508.png 1024w, https:\/\/www.api.parlonsfinance.fr\/wp-content\/uploads\/2025\/05\/image001-300x149.png 300w, https:\/\/www.api.parlonsfinance.fr\/wp-content\/uploads\/2025\/05\/image001-768x381.png 768w, https:\/\/www.api.parlonsfinance.fr\/wp-content\/uploads\/2025\/05\/image001-585x290.png 585w, https:\/\/www.api.parlonsfinance.fr\/wp-content\/uploads\/2025\/05\/image001.png 1064w\" sizes=\"auto, (max-width: 1024px) 100vw, 1024px\" \/><\/a><\/figure>\n<\/div>","protected":false},"excerpt":{"rendered":"<p>\u00c0 l\u2019approche de la retraite, les d\u00e9cisions patrimoniales deviennent strat\u00e9giques. Entre transmission, fiscalit\u00e9 et pr\u00e9voyance, chaque choix compte. C\u2019est dans ce contexte que Monsieur et Madame BENEF, \u00e0 la t\u00eate d\u2019une PME familiale depuis plus de 30 ans, ont fait appel \u00e0 Chris &amp; Tiffen pour les accompagner dans une \u00e9tape cl\u00e9 de leur vie [&hellip;]<\/p>\n","protected":false},"author":3,"featured_media":6927,"comment_status":"open","ping_status":"open","sticky":false,"template":"","format":"standard","meta":{"_acf_changed":false,"footnotes":""},"categories":[793,29],"tags":[72,10,7,804,6,5,464,492,23,806,28,109],"class_list":["post-6562","post","type-post","status-publish","format-standard","has-post-thumbnail","hentry","category-highlighted","category-entreprises","tag-banque","tag-bourse","tag-business","tag-compta","tag-economie","tag-finance","tag-fiscal","tag-gestion","tag-investissement","tag-patrimoine","tag-politique","tag-trading"],"acf":[],"aioseo_notices":[],"_links":{"self":[{"href":"https:\/\/www.api.parlonsfinance.fr\/index.php\/wp-json\/wp\/v2\/posts\/6562","targetHints":{"allow":["GET"]}}],"collection":[{"href":"https:\/\/www.api.parlonsfinance.fr\/index.php\/wp-json\/wp\/v2\/posts"}],"about":[{"href":"https:\/\/www.api.parlonsfinance.fr\/index.php\/wp-json\/wp\/v2\/types\/post"}],"author":[{"embeddable":true,"href":"https:\/\/www.api.parlonsfinance.fr\/index.php\/wp-json\/wp\/v2\/users\/3"}],"replies":[{"embeddable":true,"href":"https:\/\/www.api.parlonsfinance.fr\/index.php\/wp-json\/wp\/v2\/comments?post=6562"}],"version-history":[{"count":2,"href":"https:\/\/www.api.parlonsfinance.fr\/index.php\/wp-json\/wp\/v2\/posts\/6562\/revisions"}],"predecessor-version":[{"id":6928,"href":"https:\/\/www.api.parlonsfinance.fr\/index.php\/wp-json\/wp\/v2\/posts\/6562\/revisions\/6928"}],"wp:featuredmedia":[{"embeddable":true,"href":"https:\/\/www.api.parlonsfinance.fr\/index.php\/wp-json\/wp\/v2\/media\/6927"}],"wp:attachment":[{"href":"https:\/\/www.api.parlonsfinance.fr\/index.php\/wp-json\/wp\/v2\/media?parent=6562"}],"wp:term":[{"taxonomy":"category","embeddable":true,"href":"https:\/\/www.api.parlonsfinance.fr\/index.php\/wp-json\/wp\/v2\/categories?post=6562"},{"taxonomy":"post_tag","embeddable":true,"href":"https:\/\/www.api.parlonsfinance.fr\/index.php\/wp-json\/wp\/v2\/tags?post=6562"}],"curies":[{"name":"wp","href":"https:\/\/api.w.org\/{rel}","templated":true}]}}