{"id":6574,"date":"2025-05-16T20:56:28","date_gmt":"2025-05-16T18:56:28","guid":{"rendered":"https:\/\/www.api.parlonsfinance.fr\/?p=6574"},"modified":"2025-05-17T17:24:58","modified_gmt":"2025-05-17T15:24:58","slug":"alors-que-ladministration-trump-taille-dans-les-depenses-la-banque-centrale-americaine-dit-vouloir-reduire-ses-effectifs-denviron-10","status":"publish","type":"post","link":"https:\/\/www.api.parlonsfinance.fr\/index.php\/2025\/05\/16\/alors-que-ladministration-trump-taille-dans-les-depenses-la-banque-centrale-americaine-dit-vouloir-reduire-ses-effectifs-denviron-10\/","title":{"rendered":"Alors que l&rsquo;administration Trump taille dans les d\u00e9penses, la Banque centrale am\u00e9ricaine dit vouloir r\u00e9duire ses effectifs \u00ab\u00a0d&rsquo;environ 10%\u00a0\u00bb"},"content":{"rendered":"<p>Invoquant la n\u00e9cessit\u00e9 d&rsquo;am\u00e9liorer \u00ab\u00a0l&rsquo;efficience\u00a0\u00bb de l&rsquo;institution, le pr\u00e9sident de la Fed qui emploie pr\u00e8s de 24.000 personnes aux \u00c9tats-Unis a annonc\u00e9 vouloir r\u00e9duire les effectifs \u00ab\u00a0d&rsquo;environ 10%\u00a0\u00bb dans les ann\u00e9es \u00e0 venir. <\/p>\n<p><img decoding=\"async\" src=\"https:\/\/www.api.parlonsfinance.fr\/wp-content\/uploads\/2025\/05\/Fed-Washington-1828941.jpg\" \/><\/p>\n","protected":false},"excerpt":{"rendered":"<p>Invoquant la n\u00e9cessit\u00e9 d&rsquo;am\u00e9liorer \u00ab\u00a0l&rsquo;efficience\u00a0\u00bb de l&rsquo;institution, le pr\u00e9sident de la Fed qui emploie pr\u00e8s de 24.000 personnes aux \u00c9tats-Unis a annonc\u00e9 vouloir r\u00e9duire les effectifs \u00ab\u00a0d&rsquo;environ 10%\u00a0\u00bb dans les ann\u00e9es \u00e0 venir.<\/p>\n","protected":false},"author":3,"featured_media":6575,"comment_status":"open","ping_status":"open","sticky":false,"template":"","format":"standard","meta":{"_acf_changed":false,"footnotes":""},"categories":[1],"tags":[],"class_list":["post-6574","post","type-post","status-publish","format-standard","has-post-thumbnail","hentry","category-non-classe"],"acf":[],"aioseo_notices":[],"_links":{"self":[{"href":"https:\/\/www.api.parlonsfinance.fr\/index.php\/wp-json\/wp\/v2\/posts\/6574","targetHints":{"allow":["GET"]}}],"collection":[{"href":"https:\/\/www.api.parlonsfinance.fr\/index.php\/wp-json\/wp\/v2\/posts"}],"about":[{"href":"https:\/\/www.api.parlonsfinance.fr\/index.php\/wp-json\/wp\/v2\/types\/post"}],"author":[{"embeddable":true,"href":"https:\/\/www.api.parlonsfinance.fr\/index.php\/wp-json\/wp\/v2\/users\/3"}],"replies":[{"embeddable":true,"href":"https:\/\/www.api.parlonsfinance.fr\/index.php\/wp-json\/wp\/v2\/comments?post=6574"}],"version-history":[{"count":0,"href":"https:\/\/www.api.parlonsfinance.fr\/index.php\/wp-json\/wp\/v2\/posts\/6574\/revisions"}],"wp:featuredmedia":[{"embeddable":true,"href":"https:\/\/www.api.parlonsfinance.fr\/index.php\/wp-json\/wp\/v2\/media\/6575"}],"wp:attachment":[{"href":"https:\/\/www.api.parlonsfinance.fr\/index.php\/wp-json\/wp\/v2\/media?parent=6574"}],"wp:term":[{"taxonomy":"category","embeddable":true,"href":"https:\/\/www.api.parlonsfinance.fr\/index.php\/wp-json\/wp\/v2\/categories?post=6574"},{"taxonomy":"post_tag","embeddable":true,"href":"https:\/\/www.api.parlonsfinance.fr\/index.php\/wp-json\/wp\/v2\/tags?post=6574"}],"curies":[{"name":"wp","href":"https:\/\/api.w.org\/{rel}","templated":true}]}}