{"id":6618,"date":"2025-05-13T20:47:20","date_gmt":"2025-05-13T18:47:20","guid":{"rendered":"https:\/\/www.api.parlonsfinance.fr\/?p=6618"},"modified":"2025-05-17T17:25:49","modified_gmt":"2025-05-17T15:25:49","slug":"guerre-en-ukraine-emmanuel-macron-affirme-ne-pas-avoir-le-cadre-legal-pour-saisir-les-actifs-russes","status":"publish","type":"post","link":"https:\/\/www.api.parlonsfinance.fr\/index.php\/2025\/05\/13\/guerre-en-ukraine-emmanuel-macron-affirme-ne-pas-avoir-le-cadre-legal-pour-saisir-les-actifs-russes\/","title":{"rendered":"Guerre en Ukraine: Emmanuel Macron affirme ne pas \u00ab\u00a0avoir le cadre l\u00e9gal\u00a0\u00bb pour saisir les actifs russes"},"content":{"rendered":"<p>Le pr\u00e9sident de la R\u00e9publique s&rsquo;est exprim\u00e9 sur l&rsquo;utilisation des quelque 220 milliards d&rsquo;euros d&rsquo;actifs russes gel\u00e9s. <\/p>\n<p><img decoding=\"async\" src=\"https:\/\/www.api.parlonsfinance.fr\/wp-content\/uploads\/2025\/05\/Le-president-Emmanuel-Macron-le-13-fevrier-2025-a-l-Elysee-a-Paris-2080294.jpg\" \/><\/p>\n","protected":false},"excerpt":{"rendered":"<p>Le pr\u00e9sident de la R\u00e9publique s&rsquo;est exprim\u00e9 sur l&rsquo;utilisation des quelque 220 milliards d&rsquo;euros d&rsquo;actifs russes gel\u00e9s.<\/p>\n","protected":false},"author":3,"featured_media":6619,"comment_status":"open","ping_status":"open","sticky":false,"template":"","format":"standard","meta":{"_acf_changed":false,"footnotes":""},"categories":[1],"tags":[],"class_list":["post-6618","post","type-post","status-publish","format-standard","has-post-thumbnail","hentry","category-non-classe"],"acf":[],"aioseo_notices":[],"_links":{"self":[{"href":"https:\/\/www.api.parlonsfinance.fr\/index.php\/wp-json\/wp\/v2\/posts\/6618","targetHints":{"allow":["GET"]}}],"collection":[{"href":"https:\/\/www.api.parlonsfinance.fr\/index.php\/wp-json\/wp\/v2\/posts"}],"about":[{"href":"https:\/\/www.api.parlonsfinance.fr\/index.php\/wp-json\/wp\/v2\/types\/post"}],"author":[{"embeddable":true,"href":"https:\/\/www.api.parlonsfinance.fr\/index.php\/wp-json\/wp\/v2\/users\/3"}],"replies":[{"embeddable":true,"href":"https:\/\/www.api.parlonsfinance.fr\/index.php\/wp-json\/wp\/v2\/comments?post=6618"}],"version-history":[{"count":0,"href":"https:\/\/www.api.parlonsfinance.fr\/index.php\/wp-json\/wp\/v2\/posts\/6618\/revisions"}],"wp:featuredmedia":[{"embeddable":true,"href":"https:\/\/www.api.parlonsfinance.fr\/index.php\/wp-json\/wp\/v2\/media\/6619"}],"wp:attachment":[{"href":"https:\/\/www.api.parlonsfinance.fr\/index.php\/wp-json\/wp\/v2\/media?parent=6618"}],"wp:term":[{"taxonomy":"category","embeddable":true,"href":"https:\/\/www.api.parlonsfinance.fr\/index.php\/wp-json\/wp\/v2\/categories?post=6618"},{"taxonomy":"post_tag","embeddable":true,"href":"https:\/\/www.api.parlonsfinance.fr\/index.php\/wp-json\/wp\/v2\/tags?post=6618"}],"curies":[{"name":"wp","href":"https:\/\/api.w.org\/{rel}","templated":true}]}}