{"id":7302,"date":"2025-05-30T19:57:27","date_gmt":"2025-05-30T17:57:27","guid":{"rendered":"https:\/\/www.api.parlonsfinance.fr\/?p=7302"},"modified":"2025-05-30T19:59:20","modified_gmt":"2025-05-30T17:59:20","slug":"direct-elon-musk-et-donald-trump-vont-sexprimer-dans-une-conference-de-presse-dediee-au-depart-du-milliardaire-de-doge","status":"publish","type":"post","link":"https:\/\/www.api.parlonsfinance.fr\/index.php\/2025\/05\/30\/direct-elon-musk-et-donald-trump-vont-sexprimer-dans-une-conference-de-presse-dediee-au-depart-du-milliardaire-de-doge\/","title":{"rendered":"DIRECT. Elon Musk et Donald Trump vont s&rsquo;exprimer dans une conf\u00e9rence de presse d\u00e9di\u00e9e au d\u00e9part du milliardaire de Doge"},"content":{"rendered":"<p>Le milliardaire Elon Musk avait confirm\u00e9 mercredi qu&rsquo;il quittait son poste \u00e0 la t\u00eate du d\u00e9partement de l&rsquo;Efficacit\u00e9 gouvernementale. Les sp\u00e9culations montaient sur un coup de froid entre le pr\u00e9sident am\u00e9ricain et le premier contributeur de sa campagne \u00e9lectorale.<\/p>\n","protected":false},"excerpt":{"rendered":"<p>Le milliardaire Elon Musk avait confirm\u00e9 mercredi qu&rsquo;il quittait son poste \u00e0 la t\u00eate du d\u00e9partement de l&rsquo;Efficacit\u00e9 gouvernementale. Les sp\u00e9culations montaient sur un coup de froid entre le pr\u00e9sident am\u00e9ricain et le premier contributeur de sa campagne \u00e9lectorale.<\/p>\n","protected":false},"author":3,"featured_media":7217,"comment_status":"open","ping_status":"open","sticky":false,"template":"","format":"standard","meta":{"_acf_changed":false,"footnotes":""},"categories":[800],"tags":[],"class_list":["post-7302","post","type-post","status-publish","format-standard","has-post-thumbnail","hentry","category-actualite"],"acf":[],"aioseo_notices":[],"_links":{"self":[{"href":"https:\/\/www.api.parlonsfinance.fr\/index.php\/wp-json\/wp\/v2\/posts\/7302","targetHints":{"allow":["GET"]}}],"collection":[{"href":"https:\/\/www.api.parlonsfinance.fr\/index.php\/wp-json\/wp\/v2\/posts"}],"about":[{"href":"https:\/\/www.api.parlonsfinance.fr\/index.php\/wp-json\/wp\/v2\/types\/post"}],"author":[{"embeddable":true,"href":"https:\/\/www.api.parlonsfinance.fr\/index.php\/wp-json\/wp\/v2\/users\/3"}],"replies":[{"embeddable":true,"href":"https:\/\/www.api.parlonsfinance.fr\/index.php\/wp-json\/wp\/v2\/comments?post=7302"}],"version-history":[{"count":0,"href":"https:\/\/www.api.parlonsfinance.fr\/index.php\/wp-json\/wp\/v2\/posts\/7302\/revisions"}],"wp:featuredmedia":[{"embeddable":true,"href":"https:\/\/www.api.parlonsfinance.fr\/index.php\/wp-json\/wp\/v2\/media\/7217"}],"wp:attachment":[{"href":"https:\/\/www.api.parlonsfinance.fr\/index.php\/wp-json\/wp\/v2\/media?parent=7302"}],"wp:term":[{"taxonomy":"category","embeddable":true,"href":"https:\/\/www.api.parlonsfinance.fr\/index.php\/wp-json\/wp\/v2\/categories?post=7302"},{"taxonomy":"post_tag","embeddable":true,"href":"https:\/\/www.api.parlonsfinance.fr\/index.php\/wp-json\/wp\/v2\/tags?post=7302"}],"curies":[{"name":"wp","href":"https:\/\/api.w.org\/{rel}","templated":true}]}}