{"id":733,"date":"2020-02-09T14:34:02","date_gmt":"2020-02-09T13:34:02","guid":{"rendered":"https:\/\/www.api.parlonsfinance.fr\/?p=733"},"modified":"2020-02-09T14:34:03","modified_gmt":"2020-02-09T13:34:03","slug":"quest-ce-que-le-cycle-economique-conjoncturel","status":"publish","type":"post","link":"https:\/\/www.api.parlonsfinance.fr\/index.php\/2020\/02\/09\/quest-ce-que-le-cycle-economique-conjoncturel\/","title":{"rendered":"Qu&rsquo;est-ce que le cycle \u00e9conomique\/conjoncturel ?"},"content":{"rendered":"\n<h4 class=\"wp-block-heading\">Certaines personnes de votre entourage vous diront qu\u2019elles ont v\u00e9cu plusieurs crises \u00e9conomiques (ou financi\u00e8re) dans leur vie, mais aussi de tr\u00e8s belles ann\u00e9es. <\/h4>\n\n\n\n<p>Elles vous diront \u00e9galement qu\u2019une prochaine crise est imminente similaire \u00e0 celle de 1929 o\u00f9 l\u2019\u00e9conomie mondiale s\u2019effondra en quelques ann\u00e9es. Enfin, elles pourraient \u00e9galement vous dire que le syst\u00e8me financier semble ne pas avoir retenu les le\u00e7ons du pass\u00e9, car les choses se r\u00e9p\u00e8tent sans cesse. <\/p>\n\n\n\n<p>Cependant, la r\u00e9p\u00e9tition de ces \u00ab\u2009bonnes\u2009\u00bb et \u00ab\u2009mauvaises\u2009\u00bb p\u00e9riodes est loin d\u2019\u00eatre anormale, bien au contraire, elle fait partie int\u00e9grante du cycle d\u2019une \u00e9conomie. C\u2019est ce que l\u2019on appelle le \u00ab\u2009<strong>cycle conjoncturel<\/strong>\u2009\u00bb.   <\/p>\n\n\n\n<p>Le cycle conjoncturel part du principe qu\u2019il existe des p\u00e9riodes de forte croissance et des p\u00e9riodes de faible croissance, \u00e9voluant \u00e0 des rythmes diff\u00e9rents. On peut n\u00e9anmoins distinguer trois types de cycles\u00a0: les longs (on parle dans ce cas de tendance \u00e9conomique), de courts (conjonctures) et des tr\u00e8s courts (\u00e9volution saisonni\u00e8re). <\/p>\n\n\n\n<p>Mesurer la situation \u00e9conomique d\u2019un pays se fait en analysant le produit int\u00e9rieur brut (PIB), qui indique l\u2019ensemble des produits et services finaux produit par un pays en un an. Cet indicateur permet de nous situer sur l\u2019une des phases du cycle conjoncturel. <\/p>\n\n\n\n<p>Voici les principales\u00a0: <\/p>\n\n\n\n<ul class=\"wp-block-list\"><li><strong>La basse conjoncture<\/strong>\u00a0: L\u2019\u00e9conomie se porte mal, la consommation des m\u00e9nages, le taux d\u2019emploi ainsi que les investissements des entreprises sont au plus bas. L\u2019inflation, qui est la hausse g\u00e9n\u00e9ralis\u00e9e des prix des biens \u00e0 la consommation, est tr\u00e8s faible. Il faudra attendre une petite impulsion de la demande (provenant g\u00e9n\u00e9ralement des \u00c9tats-Unis) pour amorcer une reprise des exportations et de la production des entreprises. <\/li><li><strong>La reprise<\/strong>\u00a0: La demande des m\u00e9nages, belges ou \u00e9trangers, entra\u00eene une augmentation de la production des entreprises. L\u2019\u00c9tat peut \u00e9galement y contribuer en facilitant l\u2019emprunt pour les investissements. L\u2019inflation repart \u00e0 la hausse. <\/li><li><strong>L\u2019expansion\u00a0<\/strong>: La croissance est en hausse, tout comme la consommation des m\u00e9nages. L\u2019\u00e9pargne diminue due aux achats multiples. Les entreprises engagent du personnel pour pouvoir r\u00e9pondre \u00e0 la demande, ce qui fait augmenter les salaires et l\u2019inflation. L\u2019\u00c9tat profite de cette dynamique pour r\u00e9colter des recettes. <\/li><li><strong>La haute conjoncture<\/strong>\u00a0: La demande croissante des m\u00e9nages met sous pression les entreprises qui ont de plus en plus de mal \u00e0 suivre la cadence. Le pays est en plein emploi et la croissance commence \u00e0 atteindre son maximum. L\u2019\u00e9conomie commence \u00e0 \u00eatre en surchauffe. L\u2019inflation est forte, tout comme les salaires, ce qui p\u00e8sera sur les marges des entreprises. La banque centrale europ\u00e9enne augmentera ses taux pour \u00e9viter l\u2019hyperinflation, ce qui donnera un coup de frein \u00e0 une \u00e9conomie \u00e0 bout de souffle. La musique s\u2019arr\u00eate. <\/li><li><strong>Le renversement<\/strong>\u00a0: Cette fois-ci, l\u2019offre ne peut clairement plus r\u00e9pondre \u00e0 la demande. Les perspectives de b\u00e9n\u00e9fices diminuent, ce qui engendre des pertes d\u2019emploi, une augmentation du ch\u00f4mage et une baisse des salaires. Les m\u00e9nages, dans un souci de protection de leur argent, reportent leurs d\u00e9penses \u00e0 plus tard, ce qui acc\u00e9l\u00e9rera la chute de l\u2019\u00e9conomie. Les \u00c9tats appliquent des mesures d\u2019aust\u00e9rit\u00e9 en diminuant les d\u00e9penses publiques. <\/li><li><strong>La r\u00e9cession<\/strong>\u00a0: Lorsque la croissance \u00e9conomique baisse au-del\u00e0 de deux trimestres cons\u00e9cutifs, on parle alors de r\u00e9cession. La demande des m\u00e9nages est au plus faible, tout comme la production des entreprises, chacun garde son argent dans ses caisses. Les seules d\u00e9penses pr\u00e9vues r\u00e9pondent aux besoins quotidiens. Le ch\u00f4mage augmente et l\u2019\u00e9conomie tourne au ralenti. L\u2019inflation baisse tout comme les taux d\u2019int\u00e9r\u00eat. <\/li><\/ul>\n\n\n\n<div class=\"wp-block-image\"><figure class=\"aligncenter size-large\"><img loading=\"lazy\" decoding=\"async\" width=\"642\" height=\"324\" src=\"https:\/\/www.api.parlonsfinance.fr\/wp-content\/uploads\/2020\/02\/finnnn.png\" alt=\"\" class=\"wp-image-734\" srcset=\"https:\/\/www.api.parlonsfinance.fr\/wp-content\/uploads\/2020\/02\/finnnn.png 642w, https:\/\/www.api.parlonsfinance.fr\/wp-content\/uploads\/2020\/02\/finnnn-300x151.png 300w, https:\/\/www.api.parlonsfinance.fr\/wp-content\/uploads\/2020\/02\/finnnn-585x295.png 585w\" sizes=\"auto, (max-width: 642px) 100vw, 642px\" \/><\/figure><\/div>\n\n\n\n<p>Nous n\u2019avons pas volontairement parl\u00e9 en d\u00e9tail du taux d\u2019int\u00e9r\u00eat qui constitue une composante importante dans les cycles \u00e9conomiques, car il fera l\u2019objet d\u2019un autre article. Sachez toutefois que le taux d\u2019int\u00e9r\u00eat augmente lorsque l\u2019\u00e9conomie est \u00e0 la hausse et diminue lorsqu\u2019un renversement s\u2019annonce, jusqu\u2019\u00e0 la basse conjoncture.  <\/p>\n\n\n\n<p>Ces phases du cycle conjoncturel composent la vie \u00e9conomique et les comprendre permet d\u2019anticiper les prochaines ann\u00e9es. Tout comme le soleil arrive apr\u00e8s la temp\u00eate, les lendemains d\u2019une crise \u00e9conomique amorcent une reprise encore plus forte. Si vous en doutez, regardez l\u2019\u00e9volution de l\u2019\u00e9conomie mondiale depuis la crise de 2008. Tout est dit. <\/p>\n\n\n\n<p>Selon vous, \u00e0 quelle \u00e9tape du cycle conjoncturel sommes-nous\u2009?<\/p>\n","protected":false},"excerpt":{"rendered":"<p>Certaines personnes de votre entourage vous diront qu\u2019elles ont v\u00e9cu plusieurs crises \u00e9conomiques (ou financi\u00e8re) dans leur vie, mais aussi de tr\u00e8s belles ann\u00e9es. Elles vous diront \u00e9galement qu\u2019une prochaine crise est imminente similaire \u00e0 celle de 1929 o\u00f9 l\u2019\u00e9conomie mondiale s\u2019effondra en quelques ann\u00e9es. Enfin, elles pourraient \u00e9galement vous dire que le syst\u00e8me financier [&hellip;]<\/p>\n","protected":false},"author":3,"featured_media":735,"comment_status":"open","ping_status":"open","sticky":false,"template":"","format":"standard","meta":{"_acf_changed":false,"footnotes":""},"categories":[14,4],"tags":[229,116,104,54,6,40,23,411,28],"class_list":["post-733","post","type-post","status-publish","format-standard","has-post-thumbnail","hentry","category-economie","category-nos-analyses","tag-bce","tag-crise","tag-dettes","tag-dollars","tag-economie","tag-euro","tag-investissement","tag-nation","tag-politique"],"acf":[],"aioseo_notices":[],"_links":{"self":[{"href":"https:\/\/www.api.parlonsfinance.fr\/index.php\/wp-json\/wp\/v2\/posts\/733","targetHints":{"allow":["GET"]}}],"collection":[{"href":"https:\/\/www.api.parlonsfinance.fr\/index.php\/wp-json\/wp\/v2\/posts"}],"about":[{"href":"https:\/\/www.api.parlonsfinance.fr\/index.php\/wp-json\/wp\/v2\/types\/post"}],"author":[{"embeddable":true,"href":"https:\/\/www.api.parlonsfinance.fr\/index.php\/wp-json\/wp\/v2\/users\/3"}],"replies":[{"embeddable":true,"href":"https:\/\/www.api.parlonsfinance.fr\/index.php\/wp-json\/wp\/v2\/comments?post=733"}],"version-history":[{"count":1,"href":"https:\/\/www.api.parlonsfinance.fr\/index.php\/wp-json\/wp\/v2\/posts\/733\/revisions"}],"predecessor-version":[{"id":736,"href":"https:\/\/www.api.parlonsfinance.fr\/index.php\/wp-json\/wp\/v2\/posts\/733\/revisions\/736"}],"wp:featuredmedia":[{"embeddable":true,"href":"https:\/\/www.api.parlonsfinance.fr\/index.php\/wp-json\/wp\/v2\/media\/735"}],"wp:attachment":[{"href":"https:\/\/www.api.parlonsfinance.fr\/index.php\/wp-json\/wp\/v2\/media?parent=733"}],"wp:term":[{"taxonomy":"category","embeddable":true,"href":"https:\/\/www.api.parlonsfinance.fr\/index.php\/wp-json\/wp\/v2\/categories?post=733"},{"taxonomy":"post_tag","embeddable":true,"href":"https:\/\/www.api.parlonsfinance.fr\/index.php\/wp-json\/wp\/v2\/tags?post=733"}],"curies":[{"name":"wp","href":"https:\/\/api.w.org\/{rel}","templated":true}]}}