{"id":795,"date":"2020-04-11T18:15:43","date_gmt":"2020-04-11T16:15:43","guid":{"rendered":"https:\/\/www.api.parlonsfinance.fr\/?p=795"},"modified":"2023-07-23T16:39:35","modified_gmt":"2023-07-23T14:39:35","slug":"laccord-financier-trouve-par-leurope-seleve-a-540-milliards-deuros","status":"publish","type":"post","link":"https:\/\/www.api.parlonsfinance.fr\/index.php\/2020\/04\/11\/laccord-financier-trouve-par-leurope-seleve-a-540-milliards-deuros\/","title":{"rendered":"L&rsquo;accord financier trouv\u00e9 par l&rsquo;Europe s\u2019\u00e9l\u00e8ve \u00e0 540 milliards d\u2019euros !"},"content":{"rendered":"\n<h4 class=\"wp-block-heading\">Ce jeudi 9 avril, les ministres des finances des 19 \u00e9tats membres de la zone euro, nomm\u00e9 l&rsquo;Eurogroup, ont trouv\u00e9 un accord pour adresser les cons\u00e9quences \u00e9conomiques du COVID-19, apr\u00e8s de longues discussions en vid\u00e9o-conf\u00e9rence. <\/h4>\n\n\n\n<p>Cet accord a \u00e9t\u00e9 trouv\u00e9 dans un esprit de solidarit\u00e9 et de confiance mutuelle entre \u00e9tats membres. Il se divise en 3 piliers, et s\u2019\u00e9l\u00e8ve \u00e0 un montant total de <strong>540 <\/strong>milliards d\u2019euros. Voici les trois piliers:<\/p>\n\n\n\n<ol class=\"wp-block-list\">\n<li>Le premier vise les \u00e9tats membres<\/li>\n\n\n\n<li>Le second, les entreprises <\/li>\n\n\n\n<li>Le troisi\u00e8me, les employ\u00e9s <\/li>\n<\/ol>\n\n\n\n<p>N\u00e9anmoins, les \u201c<strong>coronabonds<\/strong>\u201d, dont les d\u00e9bats ont cr\u00e9\u00e9 une r\u00e9elle remise en question de la solidarit\u00e9 europ\u00e9enne, ne seront pas utilis\u00e9 pour combattre cette crise. Rappelons-le, le gouvernement n\u00e9erlandais \u00e9tait strictement oppos\u00e9 \u00e0 ceux-ci. <\/p>\n\n\n\n<p>Le ministre des finances n\u00e9erlandais, Wopke Hoekstra, r\u00e9it\u00e8re l\u2019opposition du gouvernement n\u00e9erlandais face aux \u201ccoronabonds\u201d: \u201cNous n\u2019\u00e9tions pas en faveur, nous ne le sommes toujours pas et nous le serons jamais.\u201d <\/p>\n\n\n\n<p>Nous noterons aussi le r\u00f4le central des ministres des finances fran\u00e7ais et allemand, Bruno le Maire et Olaf Scholz, dans ces n\u00e9gociations intenses entre nord et sud.<\/p>\n\n\n\n<p>La Commission Europ\u00e9enne a cr\u00e9\u00e9 le programme de pr\u00eats financiers \u00e0 hauteur de <strong>100 <\/strong>milliards d\u2019euros, nomm\u00e9 SURE. Ce programme vise \u00e0 diminuer le risque de ch\u00f4mage \u00e0 long terme. Ce fonds permettra aux \u00e9tats membres de financer les d\u00e9penses publiques pour pr\u00e9server l\u2019emploi.<\/p>\n\n\n\n<p>Le fond d\u2019urgence cr\u00e9\u00e9 durant la crise de la dette souveraine de 2011, le M\u00e9canisme Europ\u00e9en de Stabilit\u00e9, a \u00e9t\u00e9 mis \u00e0 disposition pour les \u00e9tats membres \u00e0 hauteur de <strong>240 <\/strong>milliards d\u2019euros. La Banque Europ\u00e9enne d\u2019Investissement a cr\u00e9\u00e9 fonds de <strong>200 <\/strong>milliards d\u2019euros, pour fournir de la liquidit\u00e9 aux PME.&nbsp;<\/p>\n\n\n\n<p>Ces 3 programmes r\u00e9unis s\u2019\u00e9l\u00e8vent \u00e0 un total de <strong>540 <\/strong>milliards d\u2019euros, et d\u00e9montrent que les institutions europ\u00e9ennes ne veulent pas r\u00e9p\u00e9ter leur inaction durant la crise de 2008. <\/p>\n\n\n\n<p>Les leaders europ\u00e9ens tentent ainsi de d\u00e9montrer que l\u2019Europe est solidaire en temps de crise.<\/p>\n\n\n\n<p>Par Wassim Essebane <\/p>\n","protected":false},"excerpt":{"rendered":"<p>Ce jeudi 9 avril, les ministres des finances des 19 \u00e9tats membres de la zone euro, nomm\u00e9 l&rsquo;Eurogroup, ont trouv\u00e9 un accord pour adresser les cons\u00e9quences \u00e9conomiques du COVID-19, apr\u00e8s de longues discussions en vid\u00e9o-conf\u00e9rence. Cet accord a \u00e9t\u00e9 trouv\u00e9 dans un esprit de solidarit\u00e9 et de confiance mutuelle entre \u00e9tats membres. Il se divise [&hellip;]<\/p>\n","protected":false},"author":3,"featured_media":0,"comment_status":"open","ping_status":"open","sticky":false,"template":"","format":"standard","meta":{"_acf_changed":false,"footnotes":""},"categories":[14],"tags":[7,405,425,24,47,49,23,89,28,118],"class_list":["post-795","post","type-post","status-publish","format-standard","hentry","category-economie","tag-business","tag-coronavirus","tag-covid-19","tag-economie-2","tag-entreprise","tag-europe","tag-investissement","tag-monde","tag-politique","tag-ue"],"acf":[],"aioseo_notices":[],"_links":{"self":[{"href":"https:\/\/www.api.parlonsfinance.fr\/index.php\/wp-json\/wp\/v2\/posts\/795","targetHints":{"allow":["GET"]}}],"collection":[{"href":"https:\/\/www.api.parlonsfinance.fr\/index.php\/wp-json\/wp\/v2\/posts"}],"about":[{"href":"https:\/\/www.api.parlonsfinance.fr\/index.php\/wp-json\/wp\/v2\/types\/post"}],"author":[{"embeddable":true,"href":"https:\/\/www.api.parlonsfinance.fr\/index.php\/wp-json\/wp\/v2\/users\/3"}],"replies":[{"embeddable":true,"href":"https:\/\/www.api.parlonsfinance.fr\/index.php\/wp-json\/wp\/v2\/comments?post=795"}],"version-history":[{"count":2,"href":"https:\/\/www.api.parlonsfinance.fr\/index.php\/wp-json\/wp\/v2\/posts\/795\/revisions"}],"predecessor-version":[{"id":3225,"href":"https:\/\/www.api.parlonsfinance.fr\/index.php\/wp-json\/wp\/v2\/posts\/795\/revisions\/3225"}],"wp:attachment":[{"href":"https:\/\/www.api.parlonsfinance.fr\/index.php\/wp-json\/wp\/v2\/media?parent=795"}],"wp:term":[{"taxonomy":"category","embeddable":true,"href":"https:\/\/www.api.parlonsfinance.fr\/index.php\/wp-json\/wp\/v2\/categories?post=795"},{"taxonomy":"post_tag","embeddable":true,"href":"https:\/\/www.api.parlonsfinance.fr\/index.php\/wp-json\/wp\/v2\/tags?post=795"}],"curies":[{"name":"wp","href":"https:\/\/api.w.org\/{rel}","templated":true}]}}