{"id":8087,"date":"2025-06-13T07:47:52","date_gmt":"2025-06-13T05:47:52","guid":{"rendered":"https:\/\/www.api.parlonsfinance.fr\/?p=8087"},"modified":"2025-06-13T08:05:25","modified_gmt":"2025-06-13T06:05:25","slug":"frappes-israeliennes-sur-liran-on-risque-davoir-une-escalade-regionale-plus-large-estime-bassem-laredj","status":"publish","type":"post","link":"https:\/\/www.api.parlonsfinance.fr\/index.php\/2025\/06\/13\/frappes-israeliennes-sur-liran-on-risque-davoir-une-escalade-regionale-plus-large-estime-bassem-laredj\/","title":{"rendered":"Frappes isra\u00e9liennes sur l&rsquo;Iran: \u00ab\u00a0On risque d&rsquo;avoir une escalade r\u00e9gionale plus large\u00a0\u00bb, estime Bassem Laredj"},"content":{"rendered":"<p>Bassem laredj, enseignant universitaire et pr\u00e9sident du Cabinet de conseil Amane Risk Consulting, \u00e9tait l&rsquo;invit\u00e9 de ce vendredi 13 juin pour \u00e9voquer la situation tendue entre Isra\u00ebl et l&rsquo;Iran.\u00a0<\/p>\n","protected":false},"excerpt":{"rendered":"<p>Bassem laredj, enseignant universitaire et pr\u00e9sident du Cabinet de conseil Amane Risk Consulting, \u00e9tait l&rsquo;invit\u00e9 de ce vendredi 13 juin pour \u00e9voquer la situation tendue entre Isra\u00ebl et l&rsquo;Iran.\u00a0<\/p>\n","protected":false},"author":3,"featured_media":8088,"comment_status":"open","ping_status":"open","sticky":false,"template":"","format":"standard","meta":{"_acf_changed":false,"footnotes":""},"categories":[800],"tags":[],"class_list":["post-8087","post","type-post","status-publish","format-standard","has-post-thumbnail","hentry","category-actualite"],"acf":[],"aioseo_notices":[],"_links":{"self":[{"href":"https:\/\/www.api.parlonsfinance.fr\/index.php\/wp-json\/wp\/v2\/posts\/8087","targetHints":{"allow":["GET"]}}],"collection":[{"href":"https:\/\/www.api.parlonsfinance.fr\/index.php\/wp-json\/wp\/v2\/posts"}],"about":[{"href":"https:\/\/www.api.parlonsfinance.fr\/index.php\/wp-json\/wp\/v2\/types\/post"}],"author":[{"embeddable":true,"href":"https:\/\/www.api.parlonsfinance.fr\/index.php\/wp-json\/wp\/v2\/users\/3"}],"replies":[{"embeddable":true,"href":"https:\/\/www.api.parlonsfinance.fr\/index.php\/wp-json\/wp\/v2\/comments?post=8087"}],"version-history":[{"count":0,"href":"https:\/\/www.api.parlonsfinance.fr\/index.php\/wp-json\/wp\/v2\/posts\/8087\/revisions"}],"wp:featuredmedia":[{"embeddable":true,"href":"https:\/\/www.api.parlonsfinance.fr\/index.php\/wp-json\/wp\/v2\/media\/8088"}],"wp:attachment":[{"href":"https:\/\/www.api.parlonsfinance.fr\/index.php\/wp-json\/wp\/v2\/media?parent=8087"}],"wp:term":[{"taxonomy":"category","embeddable":true,"href":"https:\/\/www.api.parlonsfinance.fr\/index.php\/wp-json\/wp\/v2\/categories?post=8087"},{"taxonomy":"post_tag","embeddable":true,"href":"https:\/\/www.api.parlonsfinance.fr\/index.php\/wp-json\/wp\/v2\/tags?post=8087"}],"curies":[{"name":"wp","href":"https:\/\/api.w.org\/{rel}","templated":true}]}}