{"id":8134,"date":"2025-06-13T20:26:26","date_gmt":"2025-06-13T18:26:26","guid":{"rendered":"https:\/\/www.api.parlonsfinance.fr\/?p=8134"},"modified":"2025-06-13T21:01:27","modified_gmt":"2025-06-13T19:01:27","slug":"nous-devons-nous-preparer-emmanuel-macron-alerte-sur-les-consequences-economiques-apres-les-frappes-israeliennes-en-iran","status":"publish","type":"post","link":"https:\/\/www.api.parlonsfinance.fr\/index.php\/2025\/06\/13\/nous-devons-nous-preparer-emmanuel-macron-alerte-sur-les-consequences-economiques-apres-les-frappes-israeliennes-en-iran\/","title":{"rendered":"\u201cNous devons nous pr\u00e9parer\u201d: Emmanuel Macron alerte sur les \u00ab\u00a0cons\u00e9quences \u00e9conomiques\u00a0\u00bb apr\u00e8s les frappes isra\u00e9liennes en Iran"},"content":{"rendered":"<p>P\u00e9trole, commerce mondial&#8230; Emmanuel Macron a affirm\u00e9 que la France devait se \u00ab\u00a0pr\u00e9parer aussi \u00e0 des cons\u00e9quences \u00e9conomiques\u00a0\u00bb apr\u00e8s les frappes isra\u00e9liennes en Iran m\u00eame si \u00ab\u00a0notre principale pr\u00e9occupation est s\u00e9curitaire aujourd&rsquo;hui\u00a0\u00bb.<\/p>\n","protected":false},"excerpt":{"rendered":"<p>P\u00e9trole, commerce mondial&#8230; Emmanuel Macron a affirm\u00e9 que la France devait se \u00ab\u00a0pr\u00e9parer aussi \u00e0 des cons\u00e9quences \u00e9conomiques\u00a0\u00bb apr\u00e8s les frappes isra\u00e9liennes en Iran m\u00eame si \u00ab\u00a0notre principale pr\u00e9occupation est s\u00e9curitaire aujourd&rsquo;hui\u00a0\u00bb.<\/p>\n","protected":false},"author":3,"featured_media":8135,"comment_status":"open","ping_status":"open","sticky":false,"template":"","format":"standard","meta":{"_acf_changed":false,"footnotes":""},"categories":[800],"tags":[],"class_list":["post-8134","post","type-post","status-publish","format-standard","has-post-thumbnail","hentry","category-actualite"],"acf":[],"aioseo_notices":[],"_links":{"self":[{"href":"https:\/\/www.api.parlonsfinance.fr\/index.php\/wp-json\/wp\/v2\/posts\/8134","targetHints":{"allow":["GET"]}}],"collection":[{"href":"https:\/\/www.api.parlonsfinance.fr\/index.php\/wp-json\/wp\/v2\/posts"}],"about":[{"href":"https:\/\/www.api.parlonsfinance.fr\/index.php\/wp-json\/wp\/v2\/types\/post"}],"author":[{"embeddable":true,"href":"https:\/\/www.api.parlonsfinance.fr\/index.php\/wp-json\/wp\/v2\/users\/3"}],"replies":[{"embeddable":true,"href":"https:\/\/www.api.parlonsfinance.fr\/index.php\/wp-json\/wp\/v2\/comments?post=8134"}],"version-history":[{"count":0,"href":"https:\/\/www.api.parlonsfinance.fr\/index.php\/wp-json\/wp\/v2\/posts\/8134\/revisions"}],"wp:featuredmedia":[{"embeddable":true,"href":"https:\/\/www.api.parlonsfinance.fr\/index.php\/wp-json\/wp\/v2\/media\/8135"}],"wp:attachment":[{"href":"https:\/\/www.api.parlonsfinance.fr\/index.php\/wp-json\/wp\/v2\/media?parent=8134"}],"wp:term":[{"taxonomy":"category","embeddable":true,"href":"https:\/\/www.api.parlonsfinance.fr\/index.php\/wp-json\/wp\/v2\/categories?post=8134"},{"taxonomy":"post_tag","embeddable":true,"href":"https:\/\/www.api.parlonsfinance.fr\/index.php\/wp-json\/wp\/v2\/tags?post=8134"}],"curies":[{"name":"wp","href":"https:\/\/api.w.org\/{rel}","templated":true}]}}