{"id":814,"date":"2020-04-14T21:59:32","date_gmt":"2020-04-14T19:59:32","guid":{"rendered":"https:\/\/www.api.parlonsfinance.fr\/?p=814"},"modified":"2020-04-14T21:59:33","modified_gmt":"2020-04-14T19:59:33","slug":"leurope-peut-elle-se-montrer-a-la-hauteur-de-la-crise-en-voulant-emettre-une-si-gigantesque-dette","status":"publish","type":"post","link":"https:\/\/www.api.parlonsfinance.fr\/index.php\/2020\/04\/14\/leurope-peut-elle-se-montrer-a-la-hauteur-de-la-crise-en-voulant-emettre-une-si-gigantesque-dette\/","title":{"rendered":"L\u2019Europe peut-elle se montrer \u00e0 la hauteur de la crise en voulant \u00e9mettre une si gigantesque dette ?"},"content":{"rendered":"\n<h4 class=\"wp-block-heading\">Une question pos\u00e9e par l\u2019ensemble des citoyens europ\u00e9ens ! Cette question est tout \u00e0 fait l\u00e9gitime dans ce contexte. La capacit\u00e9 de riposte de l\u2019Union europ\u00e9enne, face \u00e0 la crise, est remise en question car un probl\u00e8me \u00e9vident appara\u00eet, le manque d\u2019efficacit\u00e9 des politiques europ\u00e9ennes !<\/h4>\n\n\n\n<ul class=\"wp-block-list\"><li><strong>Quelle en est la cause ?<\/strong><\/li><\/ul>\n\n\n\n<p>\u2022 Selon le journaliste Vincent Georis, sp\u00e9cialis\u00e9 dans les questions europ\u00e9ennes et internationales, La faiblesse de l\u2019UE r\u00e9side dans le peu de comp\u00e9tences que les \u00c9tats membres lui ont transf\u00e9r\u00e9.<br>\u2022 Notre syst\u00e8me est d\u00e9faillant au principe \u00e9l\u00e9mentaire d\u2019assistance, selon le Vincent Georis. En effet nous observons un manque de solidarit\u00e9 des pays du Nord envers les pays du Sud, et cela dans une p\u00e9riode o\u00f9 nous devrions \u00eatre \u00ab unis \u00bb.<br>\u2022 Le d\u00e9put\u00e9 europ\u00e9en du PTB, Marc Botenga, remet en question les d\u00e9cisions europ\u00e9ennes adopt\u00e9es jusqu\u2019ici. \u00ab L\u2019EU devrait s\u2019excuser pour des ann\u00e9es d\u2019aust\u00e9rit\u00e9 sur la sant\u00e9 \u00bb,selon Marc Botenga. Le manque de mat\u00e9riel hospitalier, dont nous faisons<br>face en Europe, est une cons\u00e9quence direct de politiques europ\u00e9ennes !<\/p>\n\n\n\n<p>\u00ab Nous l\u2019avons fait \u00bb, s\u2019est r\u00e9joui Mario Centeno, le pr\u00e9sident de l\u2019Eurogroupe jeudi soir. Un plan de relance de 540 milliards d\u2019euros a \u00e9t\u00e9 conclu afin de faire face au choc \u00e9conomique du Covid-19, soutenir les services publics et les personnes mises au ch\u00f4mage temporaire. Un plan de relance que nous attendions, mais est-ce suffisant ?<\/p>\n\n\n\n<p>Les pays du Sud veulent plus ! En effet la question d\u00e9licate des \u00ab eurobonds \u00bb, emprunt europ\u00e9en commun r\u00e9clam\u00e9 par les pays du Sud pour soutenir l\u2019\u00e9conomie \u00e0 plus long terme, n\u2019a pas \u00e9t\u00e9 tranch\u00e9e jeudi. Nous sommes donc loin d\u2019une Europe unifi\u00e9 !<\/p>\n\n\n\n<p>Pour ce faire, l&rsquo;UE pourrait financer un fonds de <strong>1.500 <\/strong>milliards d&rsquo;euros \u00e0 partir d&#8217;emprunts garantis par les \u00c9tats membres, a \u00e9voqu\u00e9 mardi l&rsquo;un des trois vice-pr\u00e9sidents de la Commission europ\u00e9enne dans la presse allemande.<\/p>\n\n\n\n<p>\u00ab\u00a0<em>On pourrait imaginer une telle enveloppe\u00a0\u00bb dans le cadre de la \u00ab\u00a0reconstruction<\/em>\u00a0\u00bb de l&rsquo;\u00e9conomie europ\u00e9enne apr\u00e8s la crise, a indiqu\u00e9 le vice-pr\u00e9sident de la Commission Valdis Dombrovskis<\/p>\n\n\n\n<p>Quel est votre avis sur la question ?<\/p>\n\n\n\n<p>Par <em>Florenc Micaj<\/em> <\/p>\n\n\n\n<p>SOURCE PHOTO: Reuters\/Fran\u00e7ois Lenoir<\/p>\n","protected":false},"excerpt":{"rendered":"<p>Une question pos\u00e9e par l\u2019ensemble des citoyens europ\u00e9ens ! Cette question est tout \u00e0 fait l\u00e9gitime dans ce contexte. La capacit\u00e9 de riposte de l\u2019Union europ\u00e9enne, face \u00e0 la crise, est remise en question car un probl\u00e8me \u00e9vident appara\u00eet, le manque d\u2019efficacit\u00e9 des politiques europ\u00e9ennes ! Quelle en est la cause ? \u2022 Selon le [&hellip;]<\/p>\n","protected":false},"author":3,"featured_media":818,"comment_status":"open","ping_status":"open","sticky":false,"template":"","format":"standard","meta":{"_acf_changed":false,"footnotes":""},"categories":[4],"tags":[72,7,104,24,49,5,32,23,28,118],"class_list":["post-814","post","type-post","status-publish","format-standard","has-post-thumbnail","hentry","category-nos-analyses","tag-banque","tag-business","tag-dettes","tag-economie-2","tag-europe","tag-finance","tag-france","tag-investissement","tag-politique","tag-ue"],"acf":[],"aioseo_notices":[],"_links":{"self":[{"href":"https:\/\/www.api.parlonsfinance.fr\/index.php\/wp-json\/wp\/v2\/posts\/814","targetHints":{"allow":["GET"]}}],"collection":[{"href":"https:\/\/www.api.parlonsfinance.fr\/index.php\/wp-json\/wp\/v2\/posts"}],"about":[{"href":"https:\/\/www.api.parlonsfinance.fr\/index.php\/wp-json\/wp\/v2\/types\/post"}],"author":[{"embeddable":true,"href":"https:\/\/www.api.parlonsfinance.fr\/index.php\/wp-json\/wp\/v2\/users\/3"}],"replies":[{"embeddable":true,"href":"https:\/\/www.api.parlonsfinance.fr\/index.php\/wp-json\/wp\/v2\/comments?post=814"}],"version-history":[{"count":1,"href":"https:\/\/www.api.parlonsfinance.fr\/index.php\/wp-json\/wp\/v2\/posts\/814\/revisions"}],"predecessor-version":[{"id":819,"href":"https:\/\/www.api.parlonsfinance.fr\/index.php\/wp-json\/wp\/v2\/posts\/814\/revisions\/819"}],"wp:featuredmedia":[{"embeddable":true,"href":"https:\/\/www.api.parlonsfinance.fr\/index.php\/wp-json\/wp\/v2\/media\/818"}],"wp:attachment":[{"href":"https:\/\/www.api.parlonsfinance.fr\/index.php\/wp-json\/wp\/v2\/media?parent=814"}],"wp:term":[{"taxonomy":"category","embeddable":true,"href":"https:\/\/www.api.parlonsfinance.fr\/index.php\/wp-json\/wp\/v2\/categories?post=814"},{"taxonomy":"post_tag","embeddable":true,"href":"https:\/\/www.api.parlonsfinance.fr\/index.php\/wp-json\/wp\/v2\/tags?post=814"}],"curies":[{"name":"wp","href":"https:\/\/api.w.org\/{rel}","templated":true}]}}