{"id":8183,"date":"2025-06-16T06:38:56","date_gmt":"2025-06-16T04:38:56","guid":{"rendered":"https:\/\/www.api.parlonsfinance.fr\/?p=8183"},"modified":"2025-06-16T07:10:56","modified_gmt":"2025-06-16T05:10:56","slug":"g7-ursula-von-der-leyen-appelle-a-eviter-le-protectionnisme","status":"publish","type":"post","link":"https:\/\/www.api.parlonsfinance.fr\/index.php\/2025\/06\/16\/g7-ursula-von-der-leyen-appelle-a-eviter-le-protectionnisme\/","title":{"rendered":"G7: Ursula Von der Leyen appelle \u00e0 \u00ab\u00a0\u00e9viter le protectionnisme\u00a0\u00bb"},"content":{"rendered":"<p>La pr\u00e9sidente de la Commission europ\u00e9enne a appel\u00e9 les membres du G7 a garder les \u00e9changes entre eux \u00ab\u00a0\u00e9quitables, pr\u00e9visibles et ouverts\u00a0\u00bb afin d\u00a0\u00bb&lsquo;\u00e9viter le protectionnisme\u00a0\u00bb.<\/p>\n","protected":false},"excerpt":{"rendered":"<p>La pr\u00e9sidente de la Commission europ\u00e9enne a appel\u00e9 les membres du G7 a garder les \u00e9changes entre eux \u00ab\u00a0\u00e9quitables, pr\u00e9visibles et ouverts\u00a0\u00bb afin d\u00a0\u00bb&lsquo;\u00e9viter le protectionnisme\u00a0\u00bb.<\/p>\n","protected":false},"author":3,"featured_media":7172,"comment_status":"open","ping_status":"open","sticky":false,"template":"","format":"standard","meta":{"_acf_changed":false,"footnotes":""},"categories":[800],"tags":[],"class_list":["post-8183","post","type-post","status-publish","format-standard","has-post-thumbnail","hentry","category-actualite"],"acf":[],"aioseo_notices":[],"_links":{"self":[{"href":"https:\/\/www.api.parlonsfinance.fr\/index.php\/wp-json\/wp\/v2\/posts\/8183","targetHints":{"allow":["GET"]}}],"collection":[{"href":"https:\/\/www.api.parlonsfinance.fr\/index.php\/wp-json\/wp\/v2\/posts"}],"about":[{"href":"https:\/\/www.api.parlonsfinance.fr\/index.php\/wp-json\/wp\/v2\/types\/post"}],"author":[{"embeddable":true,"href":"https:\/\/www.api.parlonsfinance.fr\/index.php\/wp-json\/wp\/v2\/users\/3"}],"replies":[{"embeddable":true,"href":"https:\/\/www.api.parlonsfinance.fr\/index.php\/wp-json\/wp\/v2\/comments?post=8183"}],"version-history":[{"count":0,"href":"https:\/\/www.api.parlonsfinance.fr\/index.php\/wp-json\/wp\/v2\/posts\/8183\/revisions"}],"wp:featuredmedia":[{"embeddable":true,"href":"https:\/\/www.api.parlonsfinance.fr\/index.php\/wp-json\/wp\/v2\/media\/7172"}],"wp:attachment":[{"href":"https:\/\/www.api.parlonsfinance.fr\/index.php\/wp-json\/wp\/v2\/media?parent=8183"}],"wp:term":[{"taxonomy":"category","embeddable":true,"href":"https:\/\/www.api.parlonsfinance.fr\/index.php\/wp-json\/wp\/v2\/categories?post=8183"},{"taxonomy":"post_tag","embeddable":true,"href":"https:\/\/www.api.parlonsfinance.fr\/index.php\/wp-json\/wp\/v2\/tags?post=8183"}],"curies":[{"name":"wp","href":"https:\/\/api.w.org\/{rel}","templated":true}]}}