{"id":8500,"date":"2025-06-26T10:07:35","date_gmt":"2025-06-26T08:07:35","guid":{"rendered":"https:\/\/www.api.parlonsfinance.fr\/?p=8500"},"modified":"2025-06-26T11:08:45","modified_gmt":"2025-06-26T09:08:45","slug":"ils-nous-ont-souffle-le-marche-des-sous-marins-leclerc-estime-que-laccord-avec-le-mercosur-permettrait-de-prendre-une-revanche-sur-les-etats-unis","status":"publish","type":"post","link":"https:\/\/www.api.parlonsfinance.fr\/index.php\/2025\/06\/26\/ils-nous-ont-souffle-le-marche-des-sous-marins-leclerc-estime-que-laccord-avec-le-mercosur-permettrait-de-prendre-une-revanche-sur-les-etats-unis\/","title":{"rendered":"\u00ab\u00a0Ils nous ont souffl\u00e9 le march\u00e9 des sous-marins\u00a0\u00bb: Leclerc estime que l&rsquo;accord avec le Mercosur permettrait de prendre une revanche sur les Etats-Unis"},"content":{"rendered":"<p>Invit\u00e9 ce jeudi matin sur BFMTV-RMC, le pr\u00e9sident du comit\u00e9 strat\u00e9gique des centres E.Leclerc a appel\u00e9 \u00e0 \u00ab\u00a0reposer\u00a0\u00bb la question du projet d&rsquo;accord commercial entre l&rsquo;UE et les pays sud-am\u00e9ricains du Mercosur.<\/p>\n","protected":false},"excerpt":{"rendered":"<p>Invit\u00e9 ce jeudi matin sur BFMTV-RMC, le pr\u00e9sident du comit\u00e9 strat\u00e9gique des centres E.Leclerc a appel\u00e9 \u00e0 \u00ab\u00a0reposer\u00a0\u00bb la question du projet d&rsquo;accord commercial entre l&rsquo;UE et les pays sud-am\u00e9ricains du Mercosur.<\/p>\n","protected":false},"author":3,"featured_media":8501,"comment_status":"open","ping_status":"open","sticky":false,"template":"","format":"standard","meta":{"_acf_changed":false,"footnotes":""},"categories":[800],"tags":[],"class_list":["post-8500","post","type-post","status-publish","format-standard","has-post-thumbnail","hentry","category-actualite"],"acf":[],"aioseo_notices":[],"_links":{"self":[{"href":"https:\/\/www.api.parlonsfinance.fr\/index.php\/wp-json\/wp\/v2\/posts\/8500","targetHints":{"allow":["GET"]}}],"collection":[{"href":"https:\/\/www.api.parlonsfinance.fr\/index.php\/wp-json\/wp\/v2\/posts"}],"about":[{"href":"https:\/\/www.api.parlonsfinance.fr\/index.php\/wp-json\/wp\/v2\/types\/post"}],"author":[{"embeddable":true,"href":"https:\/\/www.api.parlonsfinance.fr\/index.php\/wp-json\/wp\/v2\/users\/3"}],"replies":[{"embeddable":true,"href":"https:\/\/www.api.parlonsfinance.fr\/index.php\/wp-json\/wp\/v2\/comments?post=8500"}],"version-history":[{"count":0,"href":"https:\/\/www.api.parlonsfinance.fr\/index.php\/wp-json\/wp\/v2\/posts\/8500\/revisions"}],"wp:featuredmedia":[{"embeddable":true,"href":"https:\/\/www.api.parlonsfinance.fr\/index.php\/wp-json\/wp\/v2\/media\/8501"}],"wp:attachment":[{"href":"https:\/\/www.api.parlonsfinance.fr\/index.php\/wp-json\/wp\/v2\/media?parent=8500"}],"wp:term":[{"taxonomy":"category","embeddable":true,"href":"https:\/\/www.api.parlonsfinance.fr\/index.php\/wp-json\/wp\/v2\/categories?post=8500"},{"taxonomy":"post_tag","embeddable":true,"href":"https:\/\/www.api.parlonsfinance.fr\/index.php\/wp-json\/wp\/v2\/tags?post=8500"}],"curies":[{"name":"wp","href":"https:\/\/api.w.org\/{rel}","templated":true}]}}