{"id":8524,"date":"2025-06-26T20:29:52","date_gmt":"2025-06-26T18:29:52","guid":{"rendered":"https:\/\/www.api.parlonsfinance.fr\/?p=8524"},"modified":"2025-06-26T21:07:59","modified_gmt":"2025-06-26T19:07:59","slug":"la-date-butoir-de-juillet-pour-les-droits-de-douane-pourrait-etre-repoussee","status":"publish","type":"post","link":"https:\/\/www.api.parlonsfinance.fr\/index.php\/2025\/06\/26\/la-date-butoir-de-juillet-pour-les-droits-de-douane-pourrait-etre-repoussee\/","title":{"rendered":"La date butoir de juillet pour les droits de douane pourrait \u00eatre repouss\u00e9e"},"content":{"rendered":"<p>Interrog\u00e9e sur ces surtaxes \u00e0 l&rsquo;importation, la porte-parole de la Maison Blanche Karoline Leavitt a dit que le sursis \u00ab\u00a0pourrait peut-\u00eatre \u00eatre prolong\u00e9\u00a0\u00bb. \u00ab\u00a0Mais c&rsquo;est au pr\u00e9sident de prendre cette d\u00e9cision\u00a0\u00bb, a-t-elle ajout\u00e9. <\/p>\n","protected":false},"excerpt":{"rendered":"<p>Interrog\u00e9e sur ces surtaxes \u00e0 l&rsquo;importation, la porte-parole de la Maison Blanche Karoline Leavitt a dit que le sursis \u00ab\u00a0pourrait peut-\u00eatre \u00eatre prolong\u00e9\u00a0\u00bb. \u00ab\u00a0Mais c&rsquo;est au pr\u00e9sident de prendre cette d\u00e9cision\u00a0\u00bb, a-t-elle ajout\u00e9.<\/p>\n","protected":false},"author":3,"featured_media":6579,"comment_status":"open","ping_status":"open","sticky":false,"template":"","format":"standard","meta":{"_acf_changed":false,"footnotes":""},"categories":[800],"tags":[],"class_list":["post-8524","post","type-post","status-publish","format-standard","has-post-thumbnail","hentry","category-actualite"],"acf":[],"aioseo_notices":[],"_links":{"self":[{"href":"https:\/\/www.api.parlonsfinance.fr\/index.php\/wp-json\/wp\/v2\/posts\/8524","targetHints":{"allow":["GET"]}}],"collection":[{"href":"https:\/\/www.api.parlonsfinance.fr\/index.php\/wp-json\/wp\/v2\/posts"}],"about":[{"href":"https:\/\/www.api.parlonsfinance.fr\/index.php\/wp-json\/wp\/v2\/types\/post"}],"author":[{"embeddable":true,"href":"https:\/\/www.api.parlonsfinance.fr\/index.php\/wp-json\/wp\/v2\/users\/3"}],"replies":[{"embeddable":true,"href":"https:\/\/www.api.parlonsfinance.fr\/index.php\/wp-json\/wp\/v2\/comments?post=8524"}],"version-history":[{"count":0,"href":"https:\/\/www.api.parlonsfinance.fr\/index.php\/wp-json\/wp\/v2\/posts\/8524\/revisions"}],"wp:featuredmedia":[{"embeddable":true,"href":"https:\/\/www.api.parlonsfinance.fr\/index.php\/wp-json\/wp\/v2\/media\/6579"}],"wp:attachment":[{"href":"https:\/\/www.api.parlonsfinance.fr\/index.php\/wp-json\/wp\/v2\/media?parent=8524"}],"wp:term":[{"taxonomy":"category","embeddable":true,"href":"https:\/\/www.api.parlonsfinance.fr\/index.php\/wp-json\/wp\/v2\/categories?post=8524"},{"taxonomy":"post_tag","embeddable":true,"href":"https:\/\/www.api.parlonsfinance.fr\/index.php\/wp-json\/wp\/v2\/tags?post=8524"}],"curies":[{"name":"wp","href":"https:\/\/api.w.org\/{rel}","templated":true}]}}