{"id":8675,"date":"2025-07-03T07:34:06","date_gmt":"2025-07-03T05:34:06","guid":{"rendered":"https:\/\/www.api.parlonsfinance.fr\/?p=8675"},"modified":"2025-07-03T08:16:21","modified_gmt":"2025-07-03T06:16:21","slug":"brics-ce-sont-des-pays-qui-se-font-les-chantres-du-liberalisme-economique-declare-sebastien-abis-chercheur-associe-a-liris","status":"publish","type":"post","link":"https:\/\/www.api.parlonsfinance.fr\/index.php\/2025\/07\/03\/brics-ce-sont-des-pays-qui-se-font-les-chantres-du-liberalisme-economique-declare-sebastien-abis-chercheur-associe-a-liris\/","title":{"rendered":"BRICS: \u00ab\u00a0Ce sont des pays qui se font les chantres du lib\u00e9ralisme \u00e9conomique\u00a0\u00bb, d\u00e9clare S\u00e9bastien Abis (chercheur associ\u00e9 \u00e0 l&rsquo;Iris)"},"content":{"rendered":"<p>S\u00e9bastien Abis, directeur du Club D\u00e9m\u00e9ter, chercheur associ\u00e9 \u00e0 l&rsquo;Iris, \u00e9tait l&rsquo;invit\u00e9 du Monde qui Bouge pour \u00e9voquer le prochain sommet des Brics et de leur puissance notamment sur le volet lib\u00e9ral.\u00a0<\/p>\n","protected":false},"excerpt":{"rendered":"<p>S\u00e9bastien Abis, directeur du Club D\u00e9m\u00e9ter, chercheur associ\u00e9 \u00e0 l&rsquo;Iris, \u00e9tait l&rsquo;invit\u00e9 du Monde qui Bouge pour \u00e9voquer le prochain sommet des Brics et de leur puissance notamment sur le volet lib\u00e9ral.\u00a0<\/p>\n","protected":false},"author":3,"featured_media":8676,"comment_status":"open","ping_status":"open","sticky":false,"template":"","format":"standard","meta":{"_acf_changed":false,"footnotes":""},"categories":[800],"tags":[],"class_list":["post-8675","post","type-post","status-publish","format-standard","has-post-thumbnail","hentry","category-actualite"],"acf":[],"aioseo_notices":[],"_links":{"self":[{"href":"https:\/\/www.api.parlonsfinance.fr\/index.php\/wp-json\/wp\/v2\/posts\/8675","targetHints":{"allow":["GET"]}}],"collection":[{"href":"https:\/\/www.api.parlonsfinance.fr\/index.php\/wp-json\/wp\/v2\/posts"}],"about":[{"href":"https:\/\/www.api.parlonsfinance.fr\/index.php\/wp-json\/wp\/v2\/types\/post"}],"author":[{"embeddable":true,"href":"https:\/\/www.api.parlonsfinance.fr\/index.php\/wp-json\/wp\/v2\/users\/3"}],"replies":[{"embeddable":true,"href":"https:\/\/www.api.parlonsfinance.fr\/index.php\/wp-json\/wp\/v2\/comments?post=8675"}],"version-history":[{"count":0,"href":"https:\/\/www.api.parlonsfinance.fr\/index.php\/wp-json\/wp\/v2\/posts\/8675\/revisions"}],"wp:featuredmedia":[{"embeddable":true,"href":"https:\/\/www.api.parlonsfinance.fr\/index.php\/wp-json\/wp\/v2\/media\/8676"}],"wp:attachment":[{"href":"https:\/\/www.api.parlonsfinance.fr\/index.php\/wp-json\/wp\/v2\/media?parent=8675"}],"wp:term":[{"taxonomy":"category","embeddable":true,"href":"https:\/\/www.api.parlonsfinance.fr\/index.php\/wp-json\/wp\/v2\/categories?post=8675"},{"taxonomy":"post_tag","embeddable":true,"href":"https:\/\/www.api.parlonsfinance.fr\/index.php\/wp-json\/wp\/v2\/tags?post=8675"}],"curies":[{"name":"wp","href":"https:\/\/api.w.org\/{rel}","templated":true}]}}