{"id":8747,"date":"2025-07-06T16:07:36","date_gmt":"2025-07-06T14:07:36","guid":{"rendered":"https:\/\/www.api.parlonsfinance.fr\/?p=8747"},"modified":"2025-07-06T17:09:04","modified_gmt":"2025-07-06T15:09:04","slug":"nouveau-coup-de-pression-americain-sil-ny-a-pas-daccord-les-nouveaux-droits-de-douane-sappliqueront-au-1er-aout","status":"publish","type":"post","link":"https:\/\/www.api.parlonsfinance.fr\/index.php\/2025\/07\/06\/nouveau-coup-de-pression-americain-sil-ny-a-pas-daccord-les-nouveaux-droits-de-douane-sappliqueront-au-1er-aout\/","title":{"rendered":"Nouveau coup de pression am\u00e9ricain: s\u2019il n\u2019y a pas d\u2019accord, les nouveaux droits de douane s\u2019appliqueront au 1er ao\u00fbt"},"content":{"rendered":"<p>L&rsquo;\u00e9ch\u00e9ance du 9 juillet pour la mise en place de ces droits punitifs avait auparavant \u00e9t\u00e9 mentionn\u00e9e jusqu&rsquo;\u00e0 ce que le pr\u00e9sident Donald Trump dise vendredi, sans autre d\u00e9tail, que les pays concern\u00e9s commenceraient \u00e0 payer \u00e0 partir du 1er ao\u00fbt. <\/p>\n","protected":false},"excerpt":{"rendered":"<p>L&rsquo;\u00e9ch\u00e9ance du 9 juillet pour la mise en place de ces droits punitifs avait auparavant \u00e9t\u00e9 mentionn\u00e9e jusqu&rsquo;\u00e0 ce que le pr\u00e9sident Donald Trump dise vendredi, sans autre d\u00e9tail, que les pays concern\u00e9s commenceraient \u00e0 payer \u00e0 partir du 1er ao\u00fbt.<\/p>\n","protected":false},"author":3,"featured_media":8029,"comment_status":"open","ping_status":"open","sticky":false,"template":"","format":"standard","meta":{"_acf_changed":false,"footnotes":""},"categories":[800],"tags":[],"class_list":["post-8747","post","type-post","status-publish","format-standard","has-post-thumbnail","hentry","category-actualite"],"acf":[],"aioseo_notices":[],"_links":{"self":[{"href":"https:\/\/www.api.parlonsfinance.fr\/index.php\/wp-json\/wp\/v2\/posts\/8747","targetHints":{"allow":["GET"]}}],"collection":[{"href":"https:\/\/www.api.parlonsfinance.fr\/index.php\/wp-json\/wp\/v2\/posts"}],"about":[{"href":"https:\/\/www.api.parlonsfinance.fr\/index.php\/wp-json\/wp\/v2\/types\/post"}],"author":[{"embeddable":true,"href":"https:\/\/www.api.parlonsfinance.fr\/index.php\/wp-json\/wp\/v2\/users\/3"}],"replies":[{"embeddable":true,"href":"https:\/\/www.api.parlonsfinance.fr\/index.php\/wp-json\/wp\/v2\/comments?post=8747"}],"version-history":[{"count":0,"href":"https:\/\/www.api.parlonsfinance.fr\/index.php\/wp-json\/wp\/v2\/posts\/8747\/revisions"}],"wp:featuredmedia":[{"embeddable":true,"href":"https:\/\/www.api.parlonsfinance.fr\/index.php\/wp-json\/wp\/v2\/media\/8029"}],"wp:attachment":[{"href":"https:\/\/www.api.parlonsfinance.fr\/index.php\/wp-json\/wp\/v2\/media?parent=8747"}],"wp:term":[{"taxonomy":"category","embeddable":true,"href":"https:\/\/www.api.parlonsfinance.fr\/index.php\/wp-json\/wp\/v2\/categories?post=8747"},{"taxonomy":"post_tag","embeddable":true,"href":"https:\/\/www.api.parlonsfinance.fr\/index.php\/wp-json\/wp\/v2\/tags?post=8747"}],"curies":[{"name":"wp","href":"https:\/\/api.w.org\/{rel}","templated":true}]}}