{"id":9523,"date":"2025-09-12T13:35:31","date_gmt":"2025-09-12T11:35:31","guid":{"rendered":"https:\/\/www.api.parlonsfinance.fr\/?p=9523"},"modified":"2025-09-12T13:35:33","modified_gmt":"2025-09-12T11:35:33","slug":"affaire-cumcum-credit-agricole-cib-vise-par-le-pnf","status":"publish","type":"post","link":"https:\/\/www.api.parlonsfinance.fr\/index.php\/2025\/09\/12\/affaire-cumcum-credit-agricole-cib-vise-par-le-pnf\/","title":{"rendered":"Affaire CumCum : Cr\u00e9dit Agricole CIB vis\u00e9 par le PNF"},"content":{"rendered":"\n<h2 class=\"wp-block-heading\">Le pr\u00e9sident du tribunal judiciaire de Paris a valid\u00e9, le 8 septembre 2025, la Convention judiciaire d\u2019int\u00e9r\u00eat public (CJIP) conclue entre le Cr\u00e9dit Agricole CIB et le Parquet National Financier dans l\u2019affaire dite du \u00ab CumCum \u00bb.<\/h2>\n\n\n\n<p>El\u00e9ments de langage juridique sur cette proc\u00e9dure p\u00e9nale particuli\u00e8re, relativement r\u00e9cente, applicable aux soci\u00e9t\u00e9s, dans le cadre d\u2019une forme de \u00ab plaider-coupable \u00bb.<\/p>\n\n\n\n<p>Selon l\u2019enqu\u00eate diligent\u00e9e par le Parquet National Financier \u00e0 l\u2019encontre du Cr\u00e9dit Agricole dans le cadre de l\u2019affaire \u00ab CumCum \u00bb, certaines op\u00e9rations de pr\u00eats-emprunts de titres et de d\u00e9riv\u00e9s sur actions auraient constitu\u00e9 des arbitrages de dividendes irr\u00e9guliers.<\/p>\n\n\n\n<p><br>L\u2019enqu\u00eate visait notamment des qualifications p\u00e9nales de fraude fiscale et de blanchiment de fraude fiscale, au visa des  articles 1741 du code g\u00e9n\u00e9ral des imp\u00f4ts et 324-1 du code p\u00e9nal.<\/p>\n\n\n\n<p>Le montant total de l\u2019amende \u00e9tablie et avalis\u00e9e ce 8 septembre 2025 fut de 88, 25 millions d\u2019euros. Cette convention, qui ne constitue pas une condamnation p\u00e9nale mais une alternative aux poursuites, n\u2019emporte aucune d\u00e9claration de culpabilit\u00e9.<\/p>\n\n\n\n<p><br>Il s\u2019agit d\u00e8s lors d\u2019une innovation juridique fran\u00e7aise, s\u2019inspirant du droit am\u00e9ricain. C\u2019est la raison pour laquelle cette proc\u00e9dure est souvent appr\u00e9hend\u00e9e avec int\u00e9r\u00eat par les entreprises poursuivies, souhaitant \u00e9viter un long proc\u00e8s aux cons\u00e9quences incertaines.<\/p>\n\n\n\n<p><br>Instaur\u00e9e par la loi du 9 d\u00e9cembre 2016, la CJIP est d\u00e9finie comme une transaction judiciaire opposable aux personnes morales ayant commis des faits de corruption, trafic d\u2019influence, fraude fiscale, infractions environnementales etc, selon les articles 41-1-2 et 41-1-3 du code de proc\u00e9dure p\u00e9nale.<\/p>\n\n\n\n<p>Elle permet d\u2019imposer \u00e0 la personne morale les obligations suivantes :<\/p>\n\n\n\n<ul class=\"wp-block-list\">\n<li>le versement d\u2019une amende d\u2019int\u00e9r\u00eat public au Tr\u00e9sor public, pouvant atteindre 30 % du chiffre<br>d\u2019affaires annuel,<\/li>\n\n\n\n<li>la mise en \u0153uvre d\u2019un programme de mise en conformit\u00e9 d\u2019une dur\u00e9e maximale de trois ans,<\/li>\n\n\n\n<li>la r\u00e9paration du pr\u00e9judice caus\u00e9 \u00e0 la victime.<\/li>\n<\/ul>\n\n\n\n<p>Comme rappel\u00e9 pr\u00e9c\u00e9demment, cette mesure sp\u00e9ciale diff\u00e8re d\u2019une proc\u00e9dure r\u00e9pressive habituelle en ce qu\u2019elle n\u2019est pas une condamnation et, de facto, exclut les risques d\u2019interdiction d\u2019exercice et d\u2019inscription au casier judiciaire.<\/p>\n\n\n\n<p>Il est int\u00e9ressant de noter que si cette banque a opt\u00e9 pour cette transaction, la reconnaissance de la faute semble certaine mais dans un contexte lui \u00e9vitant un proc\u00e8s.<\/p>\n\n\n\n<p><br>D\u2019autres affaires similaires sont en cours d\u2019enqu\u00eate, aussi, il serait probable que cette d\u00e9cision entra\u00eene des jurisprudences similaires. <\/p>\n\n\n\n<p>Optimisation fiscale ou fraude ?<\/p>\n\n\n\n<p>La Justice semble avoir tranch\u00e9 en l\u2019absence de proc\u00e8s.<\/p>\n\n\n\n<p><strong>Sources :<\/strong><\/p>\n\n\n\n<ul class=\"wp-block-list\">\n<li><strong>Le Monde<\/strong> (8 septembre 2025). <em>Affaire CumCum : le Cr\u00e9dit Agricole accepte de payer 88 millions d\u2019euros pour s\u2019\u00e9viter un proc\u00e8s.<\/em><br> <a>https:\/\/www.lemonde.fr<\/a><\/li>\n\n\n\n<li><strong>Le Monde du Droit<\/strong> (10 septembre 2025). <em>CJIP : Cr\u00e9dit Agricole CIB et le Parquet National Financier concluent un accord.<\/em><br> <a>https:\/\/www.lemondedudroit.fr<\/a><\/li>\n\n\n\n<li><strong>Cr\u00e9dit Agricole CIB \u2013 Communiqu\u00e9 officiel<\/strong>. <em>Validation de la CJIP par le tribunal judiciaire de Paris.<\/em><br> <a>https:\/\/www.ca-cib.fr<\/a><\/li>\n\n\n\n<li><strong>\u00c9tudes Fiscales Internationales<\/strong> (9 septembre 2025). <em>CJIP du Cr\u00e9dit Agricole dans l\u2019affaire CumCum.<\/em><br> <a>https:\/\/www.etudes-fiscales-internationales.com<\/a><\/li>\n\n\n\n<li><strong>Agence Fran\u00e7aise Anticorruption (AFA)<\/strong>. <em>La convention judiciaire d\u2019int\u00e9r\u00eat public.<\/em><br><a>https:\/\/www.agence-francaise-anticorruption.gouv.fr<\/a><\/li>\n\n\n\n<li><strong>L\u00e9gifrance<\/strong>. <em>Code de proc\u00e9dure p\u00e9nale \u2013 Article 41-1-2 (version consolid\u00e9e).<\/em><br><a href=\"https:\/\/www.legifrance.gouv.fr\/codes\/article_lc\/LEGIARTI000049778681?utm_source=chatgpt.com\">https:\/\/www.legifrance.gouv.fr\/codes\/article_lc\/LEGIARTI000049778681<\/a><\/li>\n<\/ul>\n","protected":false},"excerpt":{"rendered":"<p>Le pr\u00e9sident du tribunal judiciaire de Paris a valid\u00e9, le 8 septembre 2025, la Convention judiciaire d\u2019int\u00e9r\u00eat public (CJIP) conclue entre le Cr\u00e9dit Agricole CIB et le Parquet National Financier dans l\u2019affaire dite du \u00ab CumCum \u00bb. El\u00e9ments de langage juridique sur cette proc\u00e9dure p\u00e9nale particuli\u00e8re, relativement r\u00e9cente, applicable aux soci\u00e9t\u00e9s, dans le cadre d\u2019une [&hellip;]<\/p>\n","protected":false},"author":79,"featured_media":9526,"comment_status":"open","ping_status":"open","sticky":false,"template":"","format":"standard","meta":{"_acf_changed":false,"footnotes":""},"categories":[13,793,813,4,812],"tags":[7,5,23,28],"class_list":["post-9523","post","type-post","status-publish","format-standard","has-post-thumbnail","hentry","category-banque-finance","category-highlighted","category-interviews","category-nos-analyses","category-regulation","tag-business","tag-finance","tag-investissement","tag-politique"],"acf":[],"aioseo_notices":[],"_links":{"self":[{"href":"https:\/\/www.api.parlonsfinance.fr\/index.php\/wp-json\/wp\/v2\/posts\/9523","targetHints":{"allow":["GET"]}}],"collection":[{"href":"https:\/\/www.api.parlonsfinance.fr\/index.php\/wp-json\/wp\/v2\/posts"}],"about":[{"href":"https:\/\/www.api.parlonsfinance.fr\/index.php\/wp-json\/wp\/v2\/types\/post"}],"author":[{"embeddable":true,"href":"https:\/\/www.api.parlonsfinance.fr\/index.php\/wp-json\/wp\/v2\/users\/79"}],"replies":[{"embeddable":true,"href":"https:\/\/www.api.parlonsfinance.fr\/index.php\/wp-json\/wp\/v2\/comments?post=9523"}],"version-history":[{"count":4,"href":"https:\/\/www.api.parlonsfinance.fr\/index.php\/wp-json\/wp\/v2\/posts\/9523\/revisions"}],"predecessor-version":[{"id":9594,"href":"https:\/\/www.api.parlonsfinance.fr\/index.php\/wp-json\/wp\/v2\/posts\/9523\/revisions\/9594"}],"wp:featuredmedia":[{"embeddable":true,"href":"https:\/\/www.api.parlonsfinance.fr\/index.php\/wp-json\/wp\/v2\/media\/9526"}],"wp:attachment":[{"href":"https:\/\/www.api.parlonsfinance.fr\/index.php\/wp-json\/wp\/v2\/media?parent=9523"}],"wp:term":[{"taxonomy":"category","embeddable":true,"href":"https:\/\/www.api.parlonsfinance.fr\/index.php\/wp-json\/wp\/v2\/categories?post=9523"},{"taxonomy":"post_tag","embeddable":true,"href":"https:\/\/www.api.parlonsfinance.fr\/index.php\/wp-json\/wp\/v2\/tags?post=9523"}],"curies":[{"name":"wp","href":"https:\/\/api.w.org\/{rel}","templated":true}]}}